{"id":433,"date":"2026-08-26T15:20:18","date_gmt":"2026-08-26T15:20:18","guid":{"rendered":"https:\/\/talitadeziderio.com\/?p=433"},"modified":"2026-08-26T15:40:59","modified_gmt":"2026-08-26T15:40:59","slug":"minhas-colagens-da-semana-arteterapia","status":"publish","type":"post","link":"https:\/\/talitadeziderio.com\/en\/2026\/08\/26\/minhas-colagens-da-semana-arteterapia\/","title":{"rendered":"Minhas colagens da semana | Arteterapia"},"content":{"rendered":"<p class=\"wp-block-paragraph\">Oie meninas!<\/p>\n\n\n\n<p class=\"wp-block-paragraph\">Hoje eu quero compartilhar com voc\u00eas minhas \u00faltimas colagens. J\u00e1 falei com voc\u00eas <a href=\"https:\/\/talitadeziderio.com\/en\/2026\/08\/18\/a-volta-dos-hobbies-por-que-estamos-querendo-fazer-coisas-so-por-prazer\/\">aqui<\/a>, sobre isso n\u00e9. H\u00e1 alguns meses, eu provavelmente n\u00e3o imaginaria que peda\u00e7os de papel, revistas antigas, imagens aparentemente aleat\u00f3rias, pedacinhos de renda, adesivos poderiam se transformar em uma das partes mais gostosas da minha manh\u00e3. Mas foi exatamente isso que aconteceu. Comecei a fazer colagens e, aos poucos, esse h\u00e1bito foi ocupando um espa\u00e7o muito especial na minha rotina. Hoje, logo depois que as crian\u00e7as v\u00e3o para a escola eu j\u00e1 me sento para fazer uma colagem. N\u00e3o existe uma grande obriga\u00e7\u00e3o por tr\u00e1s daquele momento. N\u00e3o preciso produzir algo perfeito, bonito ou vend\u00e1vel. N\u00e3o preciso terminar uma p\u00e1gina espec\u00edfica, seguir uma t\u00e9cnica ou sequer saber exatamente o que vou criar. Eu simplesmente come\u00e7o!!! <\/p>\n\n\n\n<p class=\"wp-block-paragraph\">E \u00e9  justamente por isso que esteja uma das coisas mais interessantes desse hobby porque a colagem n\u00e3o exige que voc\u00ea seja artista para experimentar os seus benef\u00edcios. Ela permite brincar com imagens, cores, texturas, palavras e mem\u00f3rias de uma maneira muito livre. Algumas p\u00e1ginas ficam delicadas, outras ficam estranhas, outras parecem n\u00e3o fazer sentido algum. kkk Mas t\u00e1 tudo bem. O objetivo n\u00e3o \u00e9 criar uma obra-prima mas descansar a mente. Foi assim que a colagem deixou de ser apenas um passatempo para mim e passou a funcionar como um verdadeiro ritual. Al\u00e9m disso, entrei em uma comunidade de journal na qual outras mulheres compartilham suas p\u00e1ginas, suas colagens e seus processos criativos. \u00c9 muito legal perceber que cada pessoa olha para os mesmos materiais de uma maneira completamente diferente. E essa troca com certeza tamb\u00e9m faz parte da experi\u00eancia.<\/p>\n\n\n\n<p class=\"wp-block-paragraph\"><strong><em>Por que estamos redescobrindo hobbies que n\u00e3o precisam ter uma finalidade?<\/em><\/strong><\/p>\n\n\n\n<p class=\"wp-block-paragraph\">Estamos numa \u00e9poca em que quase tudo parece precisar ter uma finalidade. Se aprendemos alguma coisa, precisamos transformar em habilidade profissional. Se fazemos exerc\u00edcio, queremos medir o desempenho. Se cozinhamos, podemos transformar em conte\u00fado. Se pintamos, pensamos em vender. At\u00e9 o descanso  precisa ser &#8220;produtivo&#8221;, nossa gente! Onde vamos parar?<\/p>\n\n\n\n<p class=\"wp-block-paragraph\">Entrar nesse movimento de fazer atividades simplesmente pelo prazer de fazer \u00e9 sim uma experi\u00eancia incr\u00edvel. E a colagem \u00e9  isso pra mim! <\/p>\n\n\n\n<p class=\"wp-block-paragraph\"><strong><em>O c\u00e9rebro tamb\u00e9m precisa de momentos em que n\u00e3o est\u00e1 sendo pressionado para alcan\u00e7ar uma meta. Atividades criativas podem favorecer estados de aten\u00e7\u00e3o mais tranquilos, nos quais a pessoa se concentra no processo em vez de ficar constantemente pensando no que precisa fazer depois. \u00c9 uma mudan\u00e7a simples, mas significativa: durante alguns minutos, voc\u00ea deixa de estar apenas administrando a vida e passa a estar efetivamente vivendo uma experi\u00eancia.<\/em><\/strong> <\/p>\n\n\n\n<p class=\"wp-block-paragraph\">Meu lado estudante de arteterapia t\u00e1 falando agora t\u00e1! Se voc\u00ea chegou aqui e pode estar pensando, n\u00e3o era um blog de sa\u00fade 40+? \u00c9 sim, meu amor! Sou formada em nutri\u00e7\u00e3o, aromaterapia e estudante de arteterapia. E ainda falo de espiritualidade. Porque pra mim faz muito sentido que <strong><em><a href=\"https:\/\/bible.org\/seriespage\/2-man-trinity-spirit-soul-body\">somos um ser trino<\/a><\/em><\/strong>, ou seja (corpo, mente e esp\u00edrito), imposs\u00edvel cuidar s\u00f3 de uma \u00e1rea. <\/p>\n\n\n\n<p class=\"wp-block-paragraph\">Voltando ao assunto&#8230;. <\/p>\n\n\n\n<h2 class=\"wp-block-heading\">O que acontece quando fazemos uma colagem?<\/h2>\n\n\n\n<p class=\"wp-block-paragraph\">Fazer uma colagem envolve muito mais do que simplesmente colar pap\u00e9is. Voc\u00ea observa, escolhe, recorta, combina, testa, muda de ideia, sobrep\u00f5e elementos, cria contrastes e toma pequenas decis\u00f5es o tempo todo. Mesmo uma composi\u00e7\u00e3o aparentemente simples envolve percep\u00e7\u00e3o visual, coordena\u00e7\u00e3o motora, aten\u00e7\u00e3o e criatividade. Mas existe outro aspecto interessante, n\u00e3o precisamos come\u00e7ar sabendo qual ser\u00e1 o resultado final. Voc\u00ea simplesmente se entrega e vai fazendo. Livre!<\/p>\n\n\n\n<p class=\"wp-block-paragraph\">S\u00f3 preciso deixar claro aqui, em respeito aos profissionais amigas arteterapeutas, que fazer colagem em casa n\u00e3o significa automaticamente estar fazendo uma sess\u00e3o de arteterapia. A arteterapia \u00e9 uma \u00e1rea terap\u00eautica que utiliza processos art\u00edsticos dentro de um contexto profissional, conduzido por um profissional qualificado. Por\u00e9m atividades art\u00edsticas e expressivas podem fazer parte de uma rotina de autocuidado e podem trazer relaxamento, e aumentar sua percep\u00e7\u00e3o de si. (sou prova disso!)<\/p>\n\n\n\n<p class=\"wp-block-paragraph\">Por isso, quando falamos nos benef\u00edcios da colagem, estamos falando principalmente do potencial dessa atividade como hobby criativo e pr\u00e1tica de autocuidado, e n\u00e3o prometendo que algumas p\u00e1ginas de journal ir\u00e3o tratar ansiedade, depress\u00e3o ou qualquer outra condi\u00e7\u00e3o de sa\u00fade. Entendido n\u00e9? <\/p>\n\n\n\n<h2 class=\"wp-block-heading\">Querem ver minhas colagens?<\/h2>\n\n\n\n<p class=\"wp-block-paragraph\">Se por acaso voc\u00eas se interessarem por algum arquivo, se for meu arquivo, eu posso compartilhar. <\/p>\n\n\n\n<figure class=\"wp-block-embed is-type-rich is-provider-pinterest wp-block-embed-pinterest\"><div class=\"wp-block-embed__wrapper\">\n<iframe title=\"Journal Altered Book\" src=\"https:\/\/assets.pinterest.com\/ext\/embed.html?id=312437292925018813&#038;src=oembed\" height=\"697\" width=\"450\" frameborder=\"0\" scrolling=\"no\" ><\/iframe>\n<\/div><\/figure>\n\n\n\n<figure class=\"wp-block-embed is-type-rich is-provider-pinterest wp-block-embed-pinterest\"><div class=\"wp-block-embed__wrapper\">\n<iframe title=\"Cogumelos | Altered Book\" src=\"https:\/\/assets.pinterest.com\/ext\/embed.html?id=312437292925018923&#038;src=oembed\" height=\"697\" width=\"450\" frameborder=\"0\" scrolling=\"no\" ><\/iframe>\n<\/div><\/figure>\n\n\n\n<figure class=\"wp-block-embed is-type-rich is-provider-pinterest wp-block-embed-pinterest\"><div class=\"wp-block-embed__wrapper\">\n<iframe title=\"Magic Colagem Art Journal\" src=\"https:\/\/assets.pinterest.com\/ext\/embed.html?id=312437292925018934&#038;src=oembed\" height=\"697\" width=\"450\" frameborder=\"0\" scrolling=\"no\" ><\/iframe>\n<\/div><\/figure>\n\n\n\n<figure class=\"wp-block-embed is-type-rich is-provider-pinterest wp-block-embed-pinterest\"><div class=\"wp-block-embed__wrapper\">\n<iframe title=\"Altered Book Colagens\" src=\"https:\/\/assets.pinterest.com\/ext\/embed.html?id=312437292925018837&#038;src=oembed\" height=\"697\" width=\"450\" frameborder=\"0\" scrolling=\"no\" ><\/iframe>\n<\/div><\/figure>\n\n\n\n<p class=\"wp-block-paragraph\">Espero que gostem. Beijos!<\/p>\n\n\n\n<p class=\"wp-block-paragraph\">Por Talita Dezid\u00e9rio<\/p>\n\n\n\n<p class=\"wp-block-paragraph\"><\/p>","protected":false},"excerpt":{"rendered":"<p>Oie meninas! Hoje eu quero compartilhar com voc\u00eas minhas \u00faltimas colagens. J\u00e1 falei com voc\u00eas aqui, sobre isso n\u00e9. H\u00e1 &hellip; <\/p>","protected":false},"author":1,"featured_media":440,"comment_status":"open","ping_status":"open","sticky":false,"template":"","format":"standard","meta":{"footnotes":""},"categories":[34,35],"tags":[70,71],"class_list":["post-433","post","type-post","status-publish","format-standard","has-post-thumbnail","hentry","category-arteterapia","category-hobbies","tag-colagem","tag-journal"],"yoast_head":"<!-- This site is optimized with the Yoast SEO plugin v27.2 - https:\/\/yoast.com\/product\/yoast-seo-wordpress\/ -->\n<title>Minhas colagens da semana | Arteterapia - Talita Dezid\u00e9rio<\/title>\n<meta name=\"robots\" content=\"index, follow, max-snippet:-1, max-image-preview:large, max-video-preview:-1\" \/>\n<link rel=\"canonical\" href=\"https:\/\/talitadeziderio.com\/en\/2026\/08\/26\/minhas-colagens-da-semana-arteterapia\/\" \/>\n<meta property=\"og:locale\" content=\"en_US\" \/>\n<meta property=\"og:type\" content=\"article\" \/>\n<meta property=\"og:title\" content=\"Minhas colagens da semana | Arteterapia - Talita Dezid\u00e9rio\" \/>\n<meta property=\"og:description\" content=\"Oie meninas! Hoje eu quero compartilhar com voc\u00eas minhas \u00faltimas colagens. J\u00e1 falei com voc\u00eas aqui, sobre isso n\u00e9. H\u00e1 &hellip;\" \/>\n<meta property=\"og:url\" content=\"https:\/\/talitadeziderio.com\/en\/2026\/08\/26\/minhas-colagens-da-semana-arteterapia\/\" \/>\n<meta property=\"og:site_name\" content=\"Talita Dezid\u00e9rio\" \/>\n<meta property=\"article:published_time\" content=\"2026-08-26T15:20:18+00:00\" \/>\n<meta property=\"article:modified_time\" content=\"2026-08-26T15:40:59+00:00\" \/>\n<meta property=\"og:image\" content=\"https:\/\/talitadeziderio.com\/wp-content\/uploads\/2026\/08\/WhatsApp-Image-2026-08-26-at-11.02.12.jpeg\" \/>\n\t<meta property=\"og:image:width\" content=\"1080\" \/>\n\t<meta property=\"og:image:height\" content=\"1435\" \/>\n\t<meta property=\"og:image:type\" content=\"image\/jpeg\" \/>\n<meta name=\"author\" content=\"talitadeziderio\" \/>\n<meta name=\"twitter:card\" content=\"summary_large_image\" \/>\n<meta name=\"twitter:label1\" content=\"Written by\" \/>\n\t<meta name=\"twitter:data1\" content=\"talitadeziderio\" \/>\n\t<meta name=\"twitter:label2\" content=\"Est. reading time\" \/>\n\t<meta name=\"twitter:data2\" content=\"5 minutes\" \/>\n<script type=\"application\/ld+json\" class=\"yoast-schema-graph\">{\"@context\":\"https:\/\/schema.org\",\"@graph\":[{\"@type\":\"Article\",\"@id\":\"https:\/\/talitadeziderio.com\/2026\/08\/26\/minhas-colagens-da-semana-arteterapia\/#article\",\"isPartOf\":{\"@id\":\"https:\/\/talitadeziderio.com\/2026\/08\/26\/minhas-colagens-da-semana-arteterapia\/\"},\"author\":{\"name\":\"talitadeziderio\",\"@id\":\"https:\/\/talitadeziderio.com\/#\/schema\/person\/65c2f72e019d1c0db96d031271b72cdb\"},\"headline\":\"Minhas colagens da semana | Arteterapia\",\"datePublished\":\"2026-08-26T15:20:18+00:00\",\"dateModified\":\"2026-08-26T15:40:59+00:00\",\"mainEntityOfPage\":{\"@id\":\"https:\/\/talitadeziderio.com\/2026\/08\/26\/minhas-colagens-da-semana-arteterapia\/\"},\"wordCount\":793,\"commentCount\":1,\"publisher\":{\"@id\":\"https:\/\/talitadeziderio.com\/#organization\"},\"image\":{\"@id\":\"https:\/\/talitadeziderio.com\/2026\/08\/26\/minhas-colagens-da-semana-arteterapia\/#primaryimage\"},\"thumbnailUrl\":\"https:\/\/talitadeziderio.com\/wp-content\/uploads\/2026\/08\/WhatsApp-Image-2026-08-26-at-11.02.12.jpeg\",\"keywords\":[\"colagem\",\"journal\"],\"articleSection\":[\"Arteterapia\",\"Hobbies\"],\"inLanguage\":\"en-US\",\"potentialAction\":[{\"@type\":\"CommentAction\",\"name\":\"Comment\",\"target\":[\"https:\/\/talitadeziderio.com\/2026\/08\/26\/minhas-colagens-da-semana-arteterapia\/#respond\"]}]},{\"@type\":\"WebPage\",\"@id\":\"https:\/\/talitadeziderio.com\/2026\/08\/26\/minhas-colagens-da-semana-arteterapia\/\",\"url\":\"https:\/\/talitadeziderio.com\/2026\/08\/26\/minhas-colagens-da-semana-arteterapia\/\",\"name\":\"Minhas colagens da semana | Arteterapia - Talita Dezid\u00e9rio\",\"isPartOf\":{\"@id\":\"https:\/\/talitadeziderio.com\/#website\"},\"primaryImageOfPage\":{\"@id\":\"https:\/\/talitadeziderio.com\/2026\/08\/26\/minhas-colagens-da-semana-arteterapia\/#primaryimage\"},\"image\":{\"@id\":\"https:\/\/talitadeziderio.com\/2026\/08\/26\/minhas-colagens-da-semana-arteterapia\/#primaryimage\"},\"thumbnailUrl\":\"https:\/\/talitadeziderio.com\/wp-content\/uploads\/2026\/08\/WhatsApp-Image-2026-08-26-at-11.02.12.jpeg\",\"datePublished\":\"2026-08-26T15:20:18+00:00\",\"dateModified\":\"2026-08-26T15:40:59+00:00\",\"breadcrumb\":{\"@id\":\"https:\/\/talitadeziderio.com\/2026\/08\/26\/minhas-colagens-da-semana-arteterapia\/#breadcrumb\"},\"inLanguage\":\"en-US\",\"potentialAction\":[{\"@type\":\"ReadAction\",\"target\":[\"https:\/\/talitadeziderio.com\/2026\/08\/26\/minhas-colagens-da-semana-arteterapia\/\"]}]},{\"@type\":\"ImageObject\",\"inLanguage\":\"en-US\",\"@id\":\"https:\/\/talitadeziderio.com\/2026\/08\/26\/minhas-colagens-da-semana-arteterapia\/#primaryimage\",\"url\":\"https:\/\/talitadeziderio.com\/wp-content\/uploads\/2026\/08\/WhatsApp-Image-2026-08-26-at-11.02.12.jpeg\",\"contentUrl\":\"https:\/\/talitadeziderio.com\/wp-content\/uploads\/2026\/08\/WhatsApp-Image-2026-08-26-at-11.02.12.jpeg\",\"width\":1080,\"height\":1435,\"caption\":\"Magical Colagem\"},{\"@type\":\"BreadcrumbList\",\"@id\":\"https:\/\/talitadeziderio.com\/2026\/08\/26\/minhas-colagens-da-semana-arteterapia\/#breadcrumb\",\"itemListElement\":[{\"@type\":\"ListItem\",\"position\":1,\"name\":\"In\u00edcio\",\"item\":\"https:\/\/talitadeziderio.com\/\"},{\"@type\":\"ListItem\",\"position\":2,\"name\":\"Minhas colagens da semana | Arteterapia\"}]},{\"@type\":\"WebSite\",\"@id\":\"https:\/\/talitadeziderio.com\/#website\",\"url\":\"https:\/\/talitadeziderio.com\/\",\"name\":\"Talita Dezid\u00e9rio\",\"description\":\"Mulher depois dos 40 anos\",\"publisher\":{\"@id\":\"https:\/\/talitadeziderio.com\/#organization\"},\"potentialAction\":[{\"@type\":\"SearchAction\",\"target\":{\"@type\":\"EntryPoint\",\"urlTemplate\":\"https:\/\/talitadeziderio.com\/?s={search_term_string}\"},\"query-input\":{\"@type\":\"PropertyValueSpecification\",\"valueRequired\":true,\"valueName\":\"search_term_string\"}}],\"inLanguage\":\"en-US\"},{\"@type\":\"Organization\",\"@id\":\"https:\/\/talitadeziderio.com\/#organization\",\"name\":\"Talita Dezid\u00e9rio\",\"url\":\"https:\/\/talitadeziderio.com\/\",\"logo\":{\"@type\":\"ImageObject\",\"inLanguage\":\"en-US\",\"@id\":\"https:\/\/talitadeziderio.com\/#\/schema\/logo\/image\/\",\"url\":\"https:\/\/talitadeziderio.com\/wp-content\/uploads\/2026\/08\/cropped-FAVICON-3.png\",\"contentUrl\":\"https:\/\/talitadeziderio.com\/wp-content\/uploads\/2026\/08\/cropped-FAVICON-3.png\",\"width\":317,\"height\":296,\"caption\":\"Talita Dezid\u00e9rio\"},\"image\":{\"@id\":\"https:\/\/talitadeziderio.com\/#\/schema\/logo\/image\/\"}},{\"@type\":\"Person\",\"@id\":\"https:\/\/talitadeziderio.com\/#\/schema\/person\/65c2f72e019d1c0db96d031271b72cdb\",\"name\":\"talitadeziderio\",\"image\":{\"@type\":\"ImageObject\",\"inLanguage\":\"en-US\",\"@id\":\"https:\/\/secure.gravatar.com\/avatar\/af1bffb9ec469f4942561f6018ccf749d45f945109e52c6cd1eb97f7419b50c7?s=96&d=mm&r=g\",\"url\":\"https:\/\/secure.gravatar.com\/avatar\/af1bffb9ec469f4942561f6018ccf749d45f945109e52c6cd1eb97f7419b50c7?s=96&d=mm&r=g\",\"contentUrl\":\"https:\/\/secure.gravatar.com\/avatar\/af1bffb9ec469f4942561f6018ccf749d45f945109e52c6cd1eb97f7419b50c7?s=96&d=mm&r=g\",\"caption\":\"talitadeziderio\"},\"sameAs\":[\"https:\/\/talitadeziderio.com\"],\"url\":\"https:\/\/talitadeziderio.com\/en\/author\/talitadeziderio\/\"}]}<\/script>\n<!-- \/ Yoast SEO plugin. -->","yoast_head_json":{"title":"Minhas colagens da semana | Arteterapia - Talita Dezid\u00e9rio","robots":{"index":"index","follow":"follow","max-snippet":"max-snippet:-1","max-image-preview":"max-image-preview:large","max-video-preview":"max-video-preview:-1"},"canonical":"https:\/\/talitadeziderio.com\/en\/2026\/08\/26\/minhas-colagens-da-semana-arteterapia\/","og_locale":"en_US","og_type":"article","og_title":"Minhas colagens da semana | Arteterapia - Talita Dezid\u00e9rio","og_description":"Oie meninas! Hoje eu quero compartilhar com voc\u00eas minhas \u00faltimas colagens. J\u00e1 falei com voc\u00eas aqui, sobre isso n\u00e9. H\u00e1 &hellip;","og_url":"https:\/\/talitadeziderio.com\/en\/2026\/08\/26\/minhas-colagens-da-semana-arteterapia\/","og_site_name":"Talita Dezid\u00e9rio","article_published_time":"2026-08-26T15:20:18+00:00","article_modified_time":"2026-08-26T15:40:59+00:00","og_image":[{"width":1080,"height":1435,"url":"https:\/\/talitadeziderio.com\/wp-content\/uploads\/2026\/08\/WhatsApp-Image-2026-08-26-at-11.02.12.jpeg","type":"image\/jpeg"}],"author":"talitadeziderio","twitter_card":"summary_large_image","twitter_misc":{"Written by":"talitadeziderio","Est. reading time":"5 minutes"},"schema":{"@context":"https:\/\/schema.org","@graph":[{"@type":"Article","@id":"https:\/\/talitadeziderio.com\/2026\/08\/26\/minhas-colagens-da-semana-arteterapia\/#article","isPartOf":{"@id":"https:\/\/talitadeziderio.com\/2026\/08\/26\/minhas-colagens-da-semana-arteterapia\/"},"author":{"name":"talitadeziderio","@id":"https:\/\/talitadeziderio.com\/#\/schema\/person\/65c2f72e019d1c0db96d031271b72cdb"},"headline":"Minhas colagens da semana | Arteterapia","datePublished":"2026-08-26T15:20:18+00:00","dateModified":"2026-08-26T15:40:59+00:00","mainEntityOfPage":{"@id":"https:\/\/talitadeziderio.com\/2026\/08\/26\/minhas-colagens-da-semana-arteterapia\/"},"wordCount":793,"commentCount":1,"publisher":{"@id":"https:\/\/talitadeziderio.com\/#organization"},"image":{"@id":"https:\/\/talitadeziderio.com\/2026\/08\/26\/minhas-colagens-da-semana-arteterapia\/#primaryimage"},"thumbnailUrl":"https:\/\/talitadeziderio.com\/wp-content\/uploads\/2026\/08\/WhatsApp-Image-2026-08-26-at-11.02.12.jpeg","keywords":["colagem","journal"],"articleSection":["Arteterapia","Hobbies"],"inLanguage":"en-US","potentialAction":[{"@type":"CommentAction","name":"Comment","target":["https:\/\/talitadeziderio.com\/2026\/08\/26\/minhas-colagens-da-semana-arteterapia\/#respond"]}]},{"@type":"WebPage","@id":"https:\/\/talitadeziderio.com\/2026\/08\/26\/minhas-colagens-da-semana-arteterapia\/","url":"https:\/\/talitadeziderio.com\/2026\/08\/26\/minhas-colagens-da-semana-arteterapia\/","name":"Minhas colagens da semana | Arteterapia - Talita Dezid\u00e9rio","isPartOf":{"@id":"https:\/\/talitadeziderio.com\/#website"},"primaryImageOfPage":{"@id":"https:\/\/talitadeziderio.com\/2026\/08\/26\/minhas-colagens-da-semana-arteterapia\/#primaryimage"},"image":{"@id":"https:\/\/talitadeziderio.com\/2026\/08\/26\/minhas-colagens-da-semana-arteterapia\/#primaryimage"},"thumbnailUrl":"https:\/\/talitadeziderio.com\/wp-content\/uploads\/2026\/08\/WhatsApp-Image-2026-08-26-at-11.02.12.jpeg","datePublished":"2026-08-26T15:20:18+00:00","dateModified":"2026-08-26T15:40:59+00:00","breadcrumb":{"@id":"https:\/\/talitadeziderio.com\/2026\/08\/26\/minhas-colagens-da-semana-arteterapia\/#breadcrumb"},"inLanguage":"en-US","potentialAction":[{"@type":"ReadAction","target":["https:\/\/talitadeziderio.com\/2026\/08\/26\/minhas-colagens-da-semana-arteterapia\/"]}]},{"@type":"ImageObject","inLanguage":"en-US","@id":"https:\/\/talitadeziderio.com\/2026\/08\/26\/minhas-colagens-da-semana-arteterapia\/#primaryimage","url":"https:\/\/talitadeziderio.com\/wp-content\/uploads\/2026\/08\/WhatsApp-Image-2026-08-26-at-11.02.12.jpeg","contentUrl":"https:\/\/talitadeziderio.com\/wp-content\/uploads\/2026\/08\/WhatsApp-Image-2026-08-26-at-11.02.12.jpeg","width":1080,"height":1435,"caption":"Magical Colagem"},{"@type":"BreadcrumbList","@id":"https:\/\/talitadeziderio.com\/2026\/08\/26\/minhas-colagens-da-semana-arteterapia\/#breadcrumb","itemListElement":[{"@type":"ListItem","position":1,"name":"In\u00edcio","item":"https:\/\/talitadeziderio.com\/"},{"@type":"ListItem","position":2,"name":"Minhas colagens da semana | Arteterapia"}]},{"@type":"WebSite","@id":"https:\/\/talitadeziderio.com\/#website","url":"https:\/\/talitadeziderio.com\/","name":"Talita Dezid\u00e9rio","description":"Mulher depois dos 40 anos","publisher":{"@id":"https:\/\/talitadeziderio.com\/#organization"},"potentialAction":[{"@type":"SearchAction","target":{"@type":"EntryPoint","urlTemplate":"https:\/\/talitadeziderio.com\/?s={search_term_string}"},"query-input":{"@type":"PropertyValueSpecification","valueRequired":true,"valueName":"search_term_string"}}],"inLanguage":"en-US"},{"@type":"Organization","@id":"https:\/\/talitadeziderio.com\/#organization","name":"Talita Dezid\u00e9rio","url":"https:\/\/talitadeziderio.com\/","logo":{"@type":"ImageObject","inLanguage":"en-US","@id":"https:\/\/talitadeziderio.com\/#\/schema\/logo\/image\/","url":"https:\/\/talitadeziderio.com\/wp-content\/uploads\/2026\/08\/cropped-FAVICON-3.png","contentUrl":"https:\/\/talitadeziderio.com\/wp-content\/uploads\/2026\/08\/cropped-FAVICON-3.png","width":317,"height":296,"caption":"Talita Dezid\u00e9rio"},"image":{"@id":"https:\/\/talitadeziderio.com\/#\/schema\/logo\/image\/"}},{"@type":"Person","@id":"https:\/\/talitadeziderio.com\/#\/schema\/person\/65c2f72e019d1c0db96d031271b72cdb","name":"talitadeziderio","image":{"@type":"ImageObject","inLanguage":"en-US","@id":"https:\/\/secure.gravatar.com\/avatar\/af1bffb9ec469f4942561f6018ccf749d45f945109e52c6cd1eb97f7419b50c7?s=96&d=mm&r=g","url":"https:\/\/secure.gravatar.com\/avatar\/af1bffb9ec469f4942561f6018ccf749d45f945109e52c6cd1eb97f7419b50c7?s=96&d=mm&r=g","contentUrl":"https:\/\/secure.gravatar.com\/avatar\/af1bffb9ec469f4942561f6018ccf749d45f945109e52c6cd1eb97f7419b50c7?s=96&d=mm&r=g","caption":"talitadeziderio"},"sameAs":["https:\/\/talitadeziderio.com"],"url":"https:\/\/talitadeziderio.com\/en\/author\/talitadeziderio\/"}]}},"_links":{"self":[{"href":"https:\/\/talitadeziderio.com\/en\/wp-json\/wp\/v2\/posts\/433","targetHints":{"allow":["GET"]}}],"collection":[{"href":"https:\/\/talitadeziderio.com\/en\/wp-json\/wp\/v2\/posts"}],"about":[{"href":"https:\/\/talitadeziderio.com\/en\/wp-json\/wp\/v2\/types\/post"}],"author":[{"embeddable":true,"href":"https:\/\/talitadeziderio.com\/en\/wp-json\/wp\/v2\/users\/1"}],"replies":[{"embeddable":true,"href":"https:\/\/talitadeziderio.com\/en\/wp-json\/wp\/v2\/comments?post=433"}],"version-history":[{"count":5,"href":"https:\/\/talitadeziderio.com\/en\/wp-json\/wp\/v2\/posts\/433\/revisions"}],"predecessor-version":[{"id":441,"href":"https:\/\/talitadeziderio.com\/en\/wp-json\/wp\/v2\/posts\/433\/revisions\/441"}],"wp:featuredmedia":[{"embeddable":true,"href":"https:\/\/talitadeziderio.com\/en\/wp-json\/wp\/v2\/media\/440"}],"wp:attachment":[{"href":"https:\/\/talitadeziderio.com\/en\/wp-json\/wp\/v2\/media?parent=433"}],"wp:term":[{"taxonomy":"category","embeddable":true,"href":"https:\/\/talitadeziderio.com\/en\/wp-json\/wp\/v2\/categories?post=433"},{"taxonomy":"post_tag","embeddable":true,"href":"https:\/\/talitadeziderio.com\/en\/wp-json\/wp\/v2\/tags?post=433"}],"curies":[{"name":"wp","href":"https:\/\/api.w.org\/{rel}","templated":true}]}}