{"id":339,"date":"2026-08-18T14:00:21","date_gmt":"2026-08-18T14:00:21","guid":{"rendered":"https:\/\/talitadeziderio.com\/?p=339"},"modified":"2026-08-24T15:52:12","modified_gmt":"2026-08-24T15:52:12","slug":"queda-de-cabelo-e-afinamento-dos-fios-depois-dos-40","status":"publish","type":"post","link":"https:\/\/talitadeziderio.com\/en\/2026\/08\/18\/queda-de-cabelo-e-afinamento-dos-fios-depois-dos-40\/","title":{"rendered":"Queda de cabelo e afinamento dos fios depois dos 40+"},"content":{"rendered":"<p class=\"wp-block-paragraph\">Se voc\u00ea tem mais de 40 anos e come\u00e7ou a perceber que seu cabelo est\u00e1 diferente, saiba que voc\u00ea n\u00e3o est\u00e1 imaginando coisas. Se voc\u00ea tem come\u00e7ado a encontrar mais fios no ralo, a escova acumule mais cabelo ou o travesseiro apare\u00e7a com alguns fios pela manh\u00e3&#8230; Ou ainda, esta percebem um outro sinal que costuma incomodar ainda mais, que \u00e9 quando o cabelo parece esta perdendo volume. Fica aquele rabo de cavalo fino, ningu\u00e9m merece. Os fios, que antes eram grossos e encorpados agora parecem mais delicados.<\/p>\n\n\n\n<p class=\"wp-block-paragraph\">Depois dos 40, (com as qu\u00edmicas que temos feito, at\u00e9 antes dos 40 t\u00e1), o cabelo pode sofrer tanto a influ\u00eancia da transi\u00e7\u00e3o menopausal, como gen\u00e9tica, altera\u00e7\u00f5es da tireoide, defici\u00eancia de ferro, alimenta\u00e7\u00e3o inadequada, emagrecimento r\u00e1pido, estresse, doen\u00e7as, medicamentos e v\u00e1rias outras condi\u00e7\u00f5es. E existe uma diferen\u00e7a muito importante entre queda de cabelo e afinamento dos fios. Entender essa diferen\u00e7a \u00e9 o primeiro passo para descobrir o que pode estar acontecendo com voc\u00ea e fica mais f\u00e1cil de explicar para o seu m\u00e9dico. <\/p>\n\n\n\n<h2 class=\"wp-block-heading\">Queda de cabelo ou cabelo ficando fino: qual \u00e9 a diferen\u00e7a?<\/h2>\n\n\n\n<figure class=\"wp-block-image size-full is-resized\"><img fetchpriority=\"high\" decoding=\"async\" width=\"1000\" height=\"1000\" src=\"https:\/\/talitadeziderio.com\/wp-content\/uploads\/2026\/08\/FOTO_BLOG.png\" alt=\"\" class=\"wp-image-366\" style=\"width:359px;height:auto\" srcset=\"https:\/\/talitadeziderio.com\/wp-content\/uploads\/2026\/08\/FOTO_BLOG.png 1000w, https:\/\/talitadeziderio.com\/wp-content\/uploads\/2026\/08\/FOTO_BLOG-300x300.png 300w, https:\/\/talitadeziderio.com\/wp-content\/uploads\/2026\/08\/FOTO_BLOG-150x150.png 150w, https:\/\/talitadeziderio.com\/wp-content\/uploads\/2026\/08\/FOTO_BLOG-768x768.png 768w, https:\/\/talitadeziderio.com\/wp-content\/uploads\/2026\/08\/FOTO_BLOG-12x12.png 12w\" sizes=\"(max-width: 1000px) 100vw, 1000px\" \/><\/figure>\n\n\n\n<p class=\"wp-block-paragraph\">Quando falamos em queda de cabelo, normalmente estamos nos referindo ao aumento da quantidade de fios que se desprendem do couro cabeludo, j\u00e1 o afinamento \u00e9 um processo diferente. Voc\u00ea pode n\u00e3o perceber uma quantidade enorme de fios caindo, mas perceber que cada fio est\u00e1 ficando mais fino e que a densidade do cabelo est\u00e1 diminuindo. \u00c9 o que pode acontecer na chamada <strong><a href=\"https:\/\/www.anaisdedermatologia.org.br\/en-alopecia-padrao-feminino-atualizacao-terapeutica-articulo-S2666275223000620\">alopecia de padr\u00e3o feminino<\/a><\/strong>, uma das causas mais comuns de perda de cabelo em mulheres. Ela costuma aparecer justamente na meia-idade e pode se manifestar como aumento da largura da risca, diminui\u00e7\u00e3o da densidade no topo da cabe\u00e7a e redu\u00e7\u00e3o do volume do rabo de cavalo.<\/p>\n\n\n\n<p class=\"wp-block-paragraph\">E existe uma caracter\u00edstica importante \u00e9 que esse processo pode ser bastante silencioso. Voc\u00ea n\u00e3o necessariamente acorda um dia com uma falha, acontece aos poucos! O cabelo vai ficando menos denso e, com o passar dos meses ou anos, voc\u00ea percebe que aquele volume que existia anteriormente j\u00e1 n\u00e3o est\u00e1 mais ali. Por isso, afinamento progressivo merece aten\u00e7\u00e3o mesmo quando voc\u00ea n\u00e3o considera que esteja \u201ccaindo muito cabelo\u201d.<\/p>\n\n\n\n<h1 class=\"wp-block-heading\">Por que a mulher pode ter mais queda de cabelo depois dos 40?<\/h1>\n\n\n\n<p class=\"wp-block-paragraph\">O cabelo n\u00e3o \u00e9 uma estrutura est\u00e1tica. Cada fio nasce dentro de um fol\u00edculo e passa por diferentes fases ao longo do seu ciclo de crescimento. Durante a fase de crescimento, chamada an\u00e1gena, o fio permanece produzindo e aumentando de comprimento. Depois, passa por uma fase de transi\u00e7\u00e3o e, posteriormente, entra na fase de repouso, conhecida como tel\u00f3gena, at\u00e9 finalmente ser eliminado. Esse ciclo \u00e9 influenciado por gen\u00e9tica, horm\u00f4nios, idade, estado nutricional, doen\u00e7as e diversos outros fatores.<\/p>\n\n\n\n<p class=\"wp-block-paragraph\">E a partir dos 40 anos existe um fator que merece aten\u00e7\u00e3o especial: a transi\u00e7\u00e3o hormonal da mulher. A <a href=\"https:\/\/talitadeziderio.com\/en\/2026\/07\/31\/perimenopausa-o-que-muda-no-corpo-da-mulher-apos-os-40-anos\/\">perimenopausa<\/a> pode come\u00e7ar anos antes da \u00faltima menstrua\u00e7\u00e3o e \u00e9 caracterizada por oscila\u00e7\u00f5es hormonais importantes. Uma revis\u00e3o publicada em 2025 explica que o fol\u00edculo piloso \u00e9 um tecido sens\u00edvel aos horm\u00f4nios e que as altera\u00e7\u00f5es da transi\u00e7\u00e3o menopausal podem contribuir para redu\u00e7\u00e3o da densidade, diminui\u00e7\u00e3o do calibre dos fios e mudan\u00e7as na textura do cabelo.<\/p>\n\n\n\n<p class=\"wp-block-paragraph\">Isso ajuda a explicar por que algumas mulheres percebem mudan\u00e7as justamente nessa fase. Mas existe um detalhe importante, que eu j\u00e1 falei mas vale a pena repetir: <em>menopausa n\u00e3o \u00e9 sin\u00f4nimo de queda de cabelo<\/em><strong>.<\/strong><\/p>\n\n\n\n<p class=\"wp-block-paragraph\">Algumas mulheres ter\u00e3o poucas altera\u00e7\u00f5es, outras perceber\u00e3o uma redu\u00e7\u00e3o importante da densidade. E, outras podem apresentar uma queda relacionada a uma causa completamente diferente, como defici\u00eancia nutricional ou efl\u00favio tel\u00f3geno. Por isso, precisamos investigar o padr\u00e3o.<\/p>\n\n\n\n<h1 class=\"wp-block-heading\">Estresse, doen\u00e7a e emagrecimento tamb\u00e9m podem fazer o cabelo cair<\/h1>\n\n\n\n<p class=\"wp-block-paragraph\">Agora imagine outra situa\u00e7\u00e3o. Voc\u00ea passou por uma infec\u00e7\u00e3o, uma cirurgia, uma doen\u00e7a importante, um per\u00edodo de estresse intenso ou fez uma dieta muito restritiva. Meses depois, seu cabelo come\u00e7a a cair.Pode parecer que uma coisa n\u00e3o tem rela\u00e7\u00e3o com a outra, mas acredite pode ter.<\/p>\n\n\n\n<p class=\"wp-block-paragraph\">O efl\u00favio tel\u00f3geno \u00e9 um tipo de queda difusa que pode acontecer quando um evento f\u00edsico ou metab\u00f3lico interfere no ciclo dos fol\u00edculos. Entre os gatilhos descritos na literatura est\u00e3o doen\u00e7as febris, infec\u00e7\u00f5es, cirurgias, altera\u00e7\u00f5es hormonais, hipotireoidismo, dietas muito restritivas, baixa ingest\u00e3o proteica, defici\u00eancia de ferro e alguns medicamentos. E existe uma caracter\u00edstica que confunde muitas mulheres que \u00e9 a queda pode aparecer semanas ou meses depois do problema que a desencadeou.<\/p>\n\n\n\n<p class=\"wp-block-paragraph\">Ent\u00e3o, se voc\u00ea teve uma fase dif\u00edcil h\u00e1 alguns meses e agora est\u00e1 percebendo uma queda intensa, n\u00e3o descarte essa possibilidade.<\/p>\n\n\n\n<h1 class=\"wp-block-heading\">Emagrecimento r\u00e1pido pode piorar a queda de cabelo?<\/h1>\n\n\n\n<p class=\"wp-block-paragraph\">Pode. <br>E essa \u00e9 uma quest\u00e3o especialmente importante para mulheres 40+ que est\u00e3o tentando emagrecer. Nessa fase da vida, muitas mulheres come\u00e7am dietas extremamente restritivas porque percebem aumento de gordura abdominal ou dificuldade maior para perder peso. S\u00f3 que existe uma diferen\u00e7a enorme entre <em>emagrecer com estrat\u00e9gia<\/em> e simplesmente comer muito menos.<\/p>\n\n\n\n<p class=\"wp-block-paragraph\">Quando a ingest\u00e3o energ\u00e9tica cai demais, tamb\u00e9m pode diminuir o consumo de prote\u00ednas, ferro, zinco e outros nutrientes. E o cabelo n\u00e3o \u00e9 uma prioridade metab\u00f3lica, ou seja, o organismo prioriza fun\u00e7\u00f5es essenciais \u00e0 sobreviv\u00eancia. O crescimento capilar pode ser prejudicado quando existe estresse metab\u00f3lico ou nutricional significativo.<\/p>\n\n\n\n<p class=\"wp-block-paragraph\">Por isso, uma boa estrat\u00e9gia de emagrecimento para a mulher depois dos 40 precisa pensar simultaneamente em:<\/p>\n\n\n\n<p class=\"wp-block-paragraph\"><strong>redu\u00e7\u00e3o de gordura corporal + preserva\u00e7\u00e3o de massa muscular + prote\u00edna adequada + micronutrientes + sa\u00fade hormonal e metab\u00f3lica.<\/strong><\/p>\n\n\n\n<p class=\"wp-block-paragraph\">N\u00e3o adianta emagrecer alguns quilos e, junto com eles, perder qualidade nutricional, n\u00e3o \u00e9 mesmo?<br><\/p>\n\n\n\n<h1 class=\"wp-block-heading\">Ferro baixo pode causar queda de cabelo?<\/h1>\n\n\n\n<p class=\"wp-block-paragraph\">Essa \u00e9 uma das quest\u00f5es nutricionais mais importantes quando falamos de queda de cabelo feminina. O ferro participa do transporte de oxig\u00eanio e de in\u00fameros processos metab\u00f3licos. Quando os estoques est\u00e3o reduzidos, algumas mulheres podem apresentar queda difusa. Um estudo que reuniu 36 estudos e mais de 10 mil participantes encontrou n\u00edveis de ferritina significativamente menores em mulheres com alopecias n\u00e3o cicatriciais.<\/p>\n\n\n\n<p class=\"wp-block-paragraph\">Outra pesquisa recente encontrou n\u00edveis m\u00e9dios de ferritina significativamente menores em mulheres com efl\u00favio tel\u00f3geno do que em controles. Mas existe uma ressalva muito importante:<\/p>\n\n\n\n<p class=\"wp-block-paragraph\"><strong>N\u00e3o significa que toda mulher com queda de cabelo deva tomar ferro.<\/strong><\/p>\n\n\n\n<p class=\"wp-block-paragraph\">Suplementar ferro sem necessidade n\u00e3o \u00e9 uma estrat\u00e9gia inteligente. A defici\u00eancia precisa ser investigada e, principalmente, precisamos descobrir por que ela aconteceu. Em mulheres que ainda menstruam, perdas menstruais intensas s\u00e3o uma causa frequente de defici\u00eancia de ferro. J\u00e1 depois da menopausa, uma defici\u00eancia de ferro merece investiga\u00e7\u00e3o cuidadosa para identificar poss\u00edveis perdas sangu\u00edneas ou problemas de absor\u00e7\u00e3o. Portanto, se voc\u00ea suspeita de ferro baixo, converse com seu m\u00e9dico sobre exames como hemograma e ferritina.<\/p>\n\n\n\n<h1 class=\"wp-block-heading\">Quais nutrientes s\u00e3o importantes para o crescimento dos cabelos?<\/h1>\n\n\n\n<p class=\"wp-block-paragraph\">O fol\u00edculo piloso \u00e9 metabolicamente ativo e precisa de nutrientes para funcionar adequadamente.<\/p>\n\n\n\n<p class=\"wp-block-paragraph\">Entre os micronutrientes mais estudados est\u00e3o:<\/p>\n\n\n\n<ul class=\"wp-block-list\">\n<li>ferro;<\/li>\n\n\n\n<li>vitamina D;<\/li>\n\n\n\n<li>zinco;<\/li>\n\n\n\n<li>vitaminas do complexo B;<\/li>\n\n\n\n<li>vitamina B12;<\/li>\n\n\n\n<li>folato;<\/li>\n\n\n\n<li>vitamina C;<\/li>\n\n\n\n<li>sel\u00eanio;<\/li>\n\n\n\n<li>cobre.<\/li>\n<\/ul>\n\n\n\n<p class=\"wp-block-paragraph\">N\u00e3o quero dizer que: \u201cTome todos esses nutrientes e seu cabelo vai crescer.\u201d Mas se existe essa defici\u00eancia, suplementar com certeza vai fazer uma enorme diferen\u00e7a positiva para voc\u00ea.<\/p>\n\n\n\n<h1 class=\"wp-block-heading\">Quais s\u00e3o os melhores suplementos para queda de cabelo depois dos 40?<\/h1>\n\n\n\n<p class=\"wp-block-paragraph\">Aqui eu quero fugir daquela resposta f\u00e1cil de indicar uma c\u00e1psula \u201cmilagrosa\u201d.<\/p>\n\n\n\n<p class=\"wp-block-paragraph\">Como nutricionista, considero mais adequado falar em <strong>suplementos que podem ser \u00fateis quando existe uma necessidade espec\u00edfica<\/strong>.<\/p>\n\n\n\n<h2 class=\"wp-block-heading\">1. Ferro: excelente quando existe defici\u00eancia<\/h2>\n\n\n\n<p class=\"wp-block-paragraph\">Se exames mostram defici\u00eancia de ferro, a reposi\u00e7\u00e3o pode ser necess\u00e1ria. A forma, dose, frequ\u00eancia e dura\u00e7\u00e3o devem ser individualizadas, porque diferentes pessoas apresentam necessidades diferentes e porque o ferro pode causar efeitos gastrointestinais. Al\u00e9m disso, tratar apenas o ferro sem investigar sua causa n\u00e3o \u00e9 suficiente. <\/p>\n\n\n\n<p class=\"wp-block-paragraph\">Se a defici\u00eancia est\u00e1 relacionada a perdas menstruais intensas, por exemplo, o problema continua existindo. Se ocorre por m\u00e1 absor\u00e7\u00e3o, tamb\u00e9m precisamos analisar.<\/p>\n\n\n\n<p class=\"wp-block-paragraph\"><strong>Ferro \u00e9 um dos suplementos mais importantes quando indicado, mas n\u00e3o \u00e9 um suplemento para ser tomado \u201cpor garantia\u201d.<\/strong><\/p>\n\n\n\n<h1 class=\"wp-block-heading\">2. Vitamina D: importante quando est\u00e1 baixa<\/h1>\n\n\n\n<p class=\"wp-block-paragraph\">A vitamina D tamb\u00e9m tem sido estudada em diferentes tipos de queda de cabelo. Uma estudo recente encontrou associa\u00e7\u00e3o entre n\u00edveis mais baixos de vitamina D e efl\u00favio tel\u00f3geno.<\/p>\n\n\n\n<p class=\"wp-block-paragraph\">A estrat\u00e9gia mais segura \u00e9 medir quando houver indica\u00e7\u00e3o \u2192 identificar defici\u00eancia \u2192 corrigir adequadamente.<\/p>\n\n\n\n<p class=\"wp-block-paragraph\">A suplementa\u00e7\u00e3o de vitamina D \u00e9 especialmente relevante para a sa\u00fade da mulher 40+, mas a dose deve considerar exames, alimenta\u00e7\u00e3o, exposi\u00e7\u00e3o solar, condi\u00e7\u00f5es cl\u00ednicas e orienta\u00e7\u00e3o profissional.<\/p>\n\n\n\n<h1 class=\"wp-block-heading\">3. Zinco: importante, mas sem megadose<\/h1>\n\n\n\n<p class=\"wp-block-paragraph\">O zinco participa da s\u00edntese proteica, divis\u00e3o celular e manuten\u00e7\u00e3o de tecidos. Existe associa\u00e7\u00e3o entre altera\u00e7\u00f5es nos n\u00edveis de zinco e alguns tipos de alopecia, e revis\u00f5es recentes continuam investigando essa rela\u00e7\u00e3o. Mas aqui tamb\u00e9m vale a regra: defici\u00eancia \u00e9 uma coisa; megadose \u00e9 outra.<\/p>\n\n\n\n<p class=\"wp-block-paragraph\">O excesso de zinco pode causar problemas e interferir no equil\u00edbrio de outros minerais, especialmente cobre. Portanto, eu n\u00e3o recomendo comprar um suplemento de zinco em dose alta simplesmente porque seu cabelo est\u00e1 caindo.<\/p>\n\n\n\n<h1 class=\"wp-block-heading\">4. Vitamina B12: fundamental <\/h1>\n\n\n\n<p class=\"wp-block-paragraph\">A vitamina B12 \u00e9 essencial para a forma\u00e7\u00e3o das c\u00e9lulas sangu\u00edneas e funcionamento neurol\u00f3gico, entre diversas outras fun\u00e7\u00f5es. Defici\u00eancias nutricionais importantes podem estar associadas a altera\u00e7\u00f5es nos cabelos, mas a suplementa\u00e7\u00e3o deve ser direcionada \u00e0 necessidade real. Mulheres vegetarianas ou veganas, pessoas com determinadas altera\u00e7\u00f5es gastrointestinais ou indiv\u00edduos que utilizam alguns medicamentos podem apresentar maior risco de defici\u00eancia.<\/p>\n\n\n\n<h1 class=\"wp-block-heading\">5. Prote\u00edna: o suplemento mais subestimado para o cabelo<\/h1>\n\n\n\n<p class=\"wp-block-paragraph\">Aqui est\u00e1 um dos pontos que eu considero mais importantes. Quando uma mulher chega aos 40, 50 anos e come\u00e7a a emagrecer, muitas vezes a primeira coisa que ela corta \u00e9 comida. E, junto com as calorias, pode acabar cortando prote\u00edna. O cabelo \u00e9 constitu\u00eddo principalmente por queratina, uma prote\u00edna estrutural. Quero dizer que,  uma ingest\u00e3o proteica inadequada n\u00e3o \u00e9 uma boa estrat\u00e9gia para sa\u00fade capilar.<\/p>\n\n\n\n<p class=\"wp-block-paragraph\">Por isso, antes de comprar um suplemento \u201cpara cabelo\u201d, pergunte:<\/p>\n\n\n\n<p class=\"wp-block-paragraph\"><strong>Estou consumindo prote\u00edna suficiente todos os dias?<\/strong><\/p>\n\n\n\n<p class=\"wp-block-paragraph\">Ovos, peixes, frango, carnes, leite e derivados, feij\u00e3o, lentilha e gr\u00e3o-de-bico s\u00e3o excelentes fontes. E o whey protein pode ser uma ferramenta interessante quando existe dificuldade de atingir a necessidade proteica por meio da alimenta\u00e7\u00e3o.<\/p>\n\n\n\n<h1 class=\"wp-block-heading\">6. Biotina: provavelmente o suplemento mais superestimado<\/h1>\n\n\n\n<p class=\"wp-block-paragraph\">Se existe uma vitamina que ganhou fama no mercado de cabelo, \u00e9 a biotina. Voc\u00ea provavelmente j\u00e1 viu suplementos com milhares de microgramas de biotina prometendo cabelos longos e fortes.<\/p>\n\n\n\n<p class=\"wp-block-paragraph\">Mas a hist\u00f3ria cient\u00edfica \u00e9 muito menos impressionante do que dizem por a\u00ed no mercado das gominhas. A defici\u00eancia de biotina pode causar altera\u00e7\u00f5es em cabelo e unhas, por\u00e9m n\u00e3o h\u00e1 boa evid\u00eancia de que pessoas sem defici\u00eancia obtenham benef\u00edcio relevante simplesmente tomando megadoses.<\/p>\n\n\n\n<p class=\"wp-block-paragraph\">A pr\u00f3pria <a href=\"https:\/\/www.aad.org\/\">Academia Americana de Dermatologia<\/a> destaca que os resultados dos estudos com suplementos para cabelo s\u00e3o mistos e que, em muitos estudos, n\u00e3o houve benef\u00edcio significativo.<\/p>\n\n\n\n<p class=\"wp-block-paragraph\">Al\u00e9m disso, altas doses de biotina podem interferir em alguns exames laboratoriais. Por isso, n\u00e3o escolha um suplemento pela quantidade absurda de biotina no r\u00f3tulo!!!<\/p>\n\n\n\n<h1 class=\"wp-block-heading\">E os suplementos com col\u00e1geno?<\/h1>\n\n\n\n<p class=\"wp-block-paragraph\">O col\u00e1geno \u00e9 muito popular entre mulheres 40+, principalmente pela associa\u00e7\u00e3o com pele, unhas e envelhecimento.Mas \u00e9 importante separar as coisas e ir com calma! O col\u00e1geno fornece amino\u00e1cidos e pode ter aplica\u00e7\u00f5es interessantes para determinados objetivos, mas n\u00e3o existe evid\u00eancia robusta suficiente para trat\u00e1-lo como suplemento espec\u00edfico contra alopecia feminina.<\/p>\n\n\n\n<p class=\"wp-block-paragraph\">Se sua alimenta\u00e7\u00e3o j\u00e1 fornece prote\u00edna adequada, o col\u00e1geno n\u00e3o deve ser automaticamente considerado a prioridade para combater a queda. Para cabelo, eu me preocuparia primeiro com:<\/p>\n\n\n\n<p class=\"wp-block-paragraph\"><strong>Prote\u00edna total + alimenta\u00e7\u00e3o adequada + ferro + vitamina D + zinco + B12 <\/strong>+ <strong>\u00d4mega 3 (spoiler)<\/strong><\/p>\n\n\n\n<h2 class=\"wp-block-heading\"><strong>E o \u00f4mega-3? Pode ajudar na queda e no afinamento dos fios?<\/strong><\/h2>\n\n\n\n<p class=\"wp-block-paragraph\">Agora sim, voc\u00ea chegou no suplemento mais querido da vida. Quando falamos em nutrientes importantes para a sa\u00fade do cabelo, o <strong><a href=\"https:\/\/link.amazon\/B0fIn3Pss\">\u00f4mega-3<\/a><\/strong> merece um espa\u00e7o especial. E n\u00e3o apenas porque ele pode ter rela\u00e7\u00e3o com a queda de cabelo, mas porque essa gordura participa de processos que s\u00e3o importantes para a sa\u00fade do couro cabeludo e do fol\u00edculo piloso.<\/p>\n\n\n\n<p class=\"wp-block-paragraph\">O \u00f4mega-3 \u00e9 uma fam\u00edlia de \u00e1cidos graxos poli-insaturados. Entre os mais conhecidos est\u00e3o o EPA (\u00e1cido eicosapentaenoico) e o DHA (\u00e1cido docosa-hexaenoico), encontrados principalmente em peixes como sardinha, salm\u00e3o, cavalinha e atum. Tamb\u00e9m existe o ALA (\u00e1cido alfa-linol\u00eanico), encontrado em alimentos vegetais como linha\u00e7a, chia, nozes e sementes. O organismo consegue converter ALA em EPA e DHA, mas essa convers\u00e3o \u00e9 limitada; por isso, fontes alimentares de EPA e DHA s\u00e3o particularmente interessantes quando o objetivo \u00e9 aumentar diretamente a disponibilidade desses \u00e1cidos graxos.<\/p>\n\n\n\n<p class=\"wp-block-paragraph\">T\u00e1, voc\u00ea deve estar se perguntando: E o que isso pode ter haver com o meu cabelo? <br>Mais do que voc\u00ea pode imaginar! <\/p>\n\n\n\n<p class=\"wp-block-paragraph\">O fol\u00edculo piloso \u00e9 uma estrutura metabolicamente muito ativa e est\u00e1 inserido em um tecido vivo, o couro cabeludo. A qualidade das membranas celulares, a sinaliza\u00e7\u00e3o celular e o equil\u00edbrio dos processos inflamat\u00f3rios fazem parte do ambiente em que o fio cresce. Os \u00e1cidos graxos poli-insaturados participam justamente da composi\u00e7\u00e3o das membranas celulares e da produ\u00e7\u00e3o de mol\u00e9culas envolvidas na comunica\u00e7\u00e3o e na resposta inflamat\u00f3ria.  Por isso, existe interesse cient\u00edfico em entender se uma oferta adequada de gorduras essenciais, especialmente os \u00e1cidos graxos da fam\u00edlia \u00f4mega-3, poderia contribuir para um ambiente mais favor\u00e1vel ao funcionamento do fol\u00edculo.<\/p>\n\n\n\n<h3 class=\"wp-block-heading\">O <a href=\"https:\/\/link.amazon\/B0fIn3Pss\">\u00f4mega-3<\/a> tem a\u00e7\u00e3o anti-inflamat\u00f3ria?<\/h3>\n\n\n\n<p class=\"wp-block-paragraph\"><\/p>\n\n\n\n<p class=\"wp-block-paragraph\">Esse \u00e9 um dos pontos mais interessantes. O EPA e o DHA participam da forma\u00e7\u00e3o de mediadores lip\u00eddicos que ajudam a modular a resposta inflamat\u00f3ria. O couro cabeludo tamb\u00e9m pode apresentar altera\u00e7\u00f5es inflamat\u00f3rias em algumas condi\u00e7\u00f5es dermatol\u00f3gicas, e o equil\u00edbrio entre diferentes tipos de \u00e1cidos graxos pode influenciar a resposta inflamat\u00f3ria do organismo.<\/p>\n\n\n\n<p class=\"wp-block-paragraph\">Se eu fosse fosse voc\u00ea, come\u00e7aria colocar mais fontes de \u00f4mega 3 no seu prato hoje mesmo. E eu tamb\u00e9m considero a suplementa\u00e7\u00e3o de <a href=\"https:\/\/link.amazon\/B0fIn3Pss\">\u00d4MEGA3<\/a> (depois vamos falar mais sobre isso em outro artigo). <\/p>\n\n\n\n<figure class=\"wp-block-image size-full is-resized\"><img decoding=\"async\" width=\"1000\" height=\"1000\" src=\"https:\/\/talitadeziderio.com\/wp-content\/uploads\/2026\/08\/FOTO_BLOG-1.png\" alt=\"\u00d4MEGA 3\" class=\"wp-image-367\" style=\"width:538px;height:auto\" srcset=\"https:\/\/talitadeziderio.com\/wp-content\/uploads\/2026\/08\/FOTO_BLOG-1.png 1000w, https:\/\/talitadeziderio.com\/wp-content\/uploads\/2026\/08\/FOTO_BLOG-1-300x300.png 300w, https:\/\/talitadeziderio.com\/wp-content\/uploads\/2026\/08\/FOTO_BLOG-1-150x150.png 150w, https:\/\/talitadeziderio.com\/wp-content\/uploads\/2026\/08\/FOTO_BLOG-1-768x768.png 768w, https:\/\/talitadeziderio.com\/wp-content\/uploads\/2026\/08\/FOTO_BLOG-1-12x12.png 12w\" sizes=\"(max-width: 1000px) 100vw, 1000px\" \/><\/figure>\n\n\n\n<h2 class=\"wp-block-heading\">\u00d3leo essencial de alecrim para queda de cabelo: funciona mesmo?<\/h2>\n\n\n\n<p class=\"wp-block-paragraph\">Agora vamos falar de um dos recursos naturais mais procurados por quem deseja tratar o cabelo de maneira complementar. O \u00f3leo essencial de alecrim despertou interesse cient\u00edfico porque possui compostos bioativos com propriedades antioxidantes e outras atividades farmacol\u00f3gicas estudadas. Mas o que realmente importa \u00e9: existem estudos em seres humanos? Sim. Um estudo cl\u00ednico comparou \u00f3leo de alecrim com minoxidil 2% em pessoas com alopecia androgen\u00e9tica. <br>Uma das hip\u00f3teses estudadas envolve o efeito do alecrim sobre a microcircula\u00e7\u00e3o local. O estudo cl\u00ednico mencionado anteriormente foi justamente desenvolvido considerando essa poss\u00edvel a\u00e7\u00e3o. Al\u00e9m disso, o alecrim possui compostos antioxidantes e anti-inflamat\u00f3rios que despertam interesse na pesquisa dermatol\u00f3gica.<br><\/p>\n\n\n\n<p class=\"wp-block-paragraph\">Se voc\u00ea deseja utilizar o alecrim como parte de uma rotina de cosmetologia natural, existe uma regra fundamental: n\u00e3o aplique \u00f3leo essencial puro diretamente no couro cabeludo. \u00d3leos essenciais s\u00e3o subst\u00e2ncias altamente concentradas e podem causar irrita\u00e7\u00e3o ou sensibiliza\u00e7\u00e3o. Uma formula\u00e7\u00e3o adequadamente dilu\u00edda em \u00f3leo vegetal ou em um ve\u00edculo cosm\u00e9tico apropriado \u00e9 uma alternativa mais segura. Se voc\u00ea se interessa pelo uso de \u00f3leos essenciais, aproveito para te convidar conhecer o Ebook F\u00f3rmulas Exclusivas da ZenT, <a href=\"https:\/\/talitadeziderio.com\/en\/zent\/\">aqui<\/a>.<\/p>\n\n\n\n<p class=\"wp-block-paragraph\"><\/p>\n\n\n\n<p class=\"wp-block-paragraph\">Quando a queda de cabelo precisa de avalia\u00e7\u00e3o m\u00e9dica?<\/p>\n\n\n\n<p class=\"wp-block-paragraph\">Eu n\u00e3o recomendo esperar indefinidamente quando existe uma mudan\u00e7a persistente.<\/p>\n\n\n\n<p class=\"wp-block-paragraph\">Procure avalia\u00e7\u00e3o principalmente se voc\u00ea perceber:<\/p>\n\n\n\n<ul class=\"wp-block-list\">\n<li>queda intensa e persistente;<\/li>\n\n\n\n<li>afinamento progressivo;<\/li>\n\n\n\n<li>risca central cada vez mais larga;<\/li>\n\n\n\n<li>falhas bem delimitadas;<\/li>\n\n\n\n<li>perda de sobrancelhas;<\/li>\n\n\n\n<li>coceira ou dor no couro cabeludo;<\/li>\n\n\n\n<li>descama\u00e7\u00e3o importante;<\/li>\n\n\n\n<li>vermelhid\u00e3o ou inflama\u00e7\u00e3o;<\/li>\n\n\n\n<li>retra\u00e7\u00e3o da linha frontal;<\/li>\n\n\n\n<li>queda acompanhada de altera\u00e7\u00f5es hormonais;<\/li>\n\n\n\n<li>queda associada a perda de peso inexplicada;<\/li>\n\n\n\n<li>queda ap\u00f3s uma doen\u00e7a importante;<\/li>\n\n\n\n<li>ou qualquer mudan\u00e7a capilar que esteja avan\u00e7ando rapidamente.<\/li>\n<\/ul>\n\n\n\n<p class=\"wp-block-paragraph\">Isso porque queda de cabelo \u00e9 um sintoma, n\u00e3o um diagn\u00f3stico. Existem v\u00e1rios tipos de alopecia e eles n\u00e3o s\u00e3o tratados da mesma maneira.<\/p>\n\n\n\n<h2 class=\"wp-block-heading\">Conclus\u00e3o: seu cabelo mudou, mas isso n\u00e3o significa que voc\u00ea precisa simplesmente aceitar<\/h2>\n\n\n\n<p class=\"wp-block-paragraph\">Se tem uma coisa que eu gostaria que voc\u00ea levasse deste artigo \u00e9: <em>queda e afinamento dos fios depois dos 40 merecem aten\u00e7\u00e3o, mas n\u00e3o precisam ser motivo de desespero.<\/em><\/p>\n\n\n\n<p class=\"wp-block-paragraph\">Seu cabelo pode estar refletindo as mudan\u00e7as que est\u00e3o acontecendo no seu corpo como horm\u00f4nios, alimenta\u00e7\u00e3o, estresse, sono, emagrecimento, defici\u00eancias nutricionais e at\u00e9 a pr\u00f3pria gen\u00e9tica. E justamente por isso, n\u00e3o existe uma \u00fanica vitamina, c\u00e1psula ou receita natural capaz de resolver todos os casos.<\/p>\n\n\n\n<p class=\"wp-block-paragraph\">Antes de sair comprando o suplemento da moda, vale olhar para o b\u00e1sico. <strong>Voc\u00ea est\u00e1 comendo prote\u00edna suficiente? Sua alimenta\u00e7\u00e3o \u00e9 variada? Est\u00e1 consumindo fontes de ferro, zinco e gorduras boas? Como est\u00e3o seus n\u00edveis de vitamina D e B12 quando h\u00e1 indica\u00e7\u00e3o de avali\u00e1-los? Seu cabelo come\u00e7ou a cair depois de algum per\u00edodo de estresse, doen\u00e7a ou emagrecimento? E, principalmente, esse afinamento pode estar relacionado \u00e0 alopecia de padr\u00e3o feminino ou \u00e0s mudan\u00e7as da perimenopausa?<\/strong><\/p>\n\n\n\n<p class=\"wp-block-paragraph\">Esse artigo ficou grande mas eu queria muito ajudar voc\u00ea sobre esse assunto. Porque realmente \u00e9 um assunto que nos deixa com a autoestima baixinha, n\u00e9 meninas? Se voc\u00eas tiverem mais alguma d\u00favida, podem deixar aqui nos coment\u00e1rios ou enviar um email <a href=\"https:\/\/talitadeziderio.com\/en\/contato\/\">(CONTATO)<\/a> que eu respondo. <br><\/p>\n\n\n\n<p class=\"wp-block-paragraph\"><em>Este conte\u00fado tem car\u00e1ter informativo e n\u00e3o substitui avalia\u00e7\u00e3o individualizada de um profissional de sa\u00fade.<\/em><\/p>\n\n\n\n<p class=\"wp-block-paragraph\">Beijos,<br>Talita Dezid\u00e9rio<br><\/p>\n\n\n\n<p class=\"wp-block-paragraph\"><\/p>","protected":false},"excerpt":{"rendered":"<p>Se voc\u00ea tem mais de 40 anos e come\u00e7ou a perceber que seu cabelo est\u00e1 diferente, saiba que voc\u00ea n\u00e3o &hellip; <\/p>","protected":false},"author":1,"featured_media":366,"comment_status":"open","ping_status":"open","sticky":false,"template":"","format":"standard","meta":{"footnotes":""},"categories":[59,42,45],"tags":[60,61,62],"class_list":["post-339","post","type-post","status-publish","format-standard","has-post-thumbnail","hentry","category-beleza","category-saude-da-mulher","category-suplementos","tag-beleza","tag-cabelos","tag-saude-da-mulher-2"],"yoast_head":"<!-- This site is optimized with the Yoast SEO plugin v27.2 - https:\/\/yoast.com\/product\/yoast-seo-wordpress\/ -->\n<title>Queda de cabelo e afinamento dos fios depois dos 40+ - Talita Dezid\u00e9rio<\/title>\n<meta name=\"robots\" content=\"index, follow, max-snippet:-1, max-image-preview:large, max-video-preview:-1\" \/>\n<link rel=\"canonical\" href=\"https:\/\/talitadeziderio.com\/en\/2026\/08\/18\/queda-de-cabelo-e-afinamento-dos-fios-depois-dos-40\/\" \/>\n<meta property=\"og:locale\" content=\"en_US\" \/>\n<meta property=\"og:type\" content=\"article\" \/>\n<meta property=\"og:title\" content=\"Queda de cabelo e afinamento dos fios depois dos 40+ - Talita Dezid\u00e9rio\" \/>\n<meta property=\"og:description\" content=\"Se voc\u00ea tem mais de 40 anos e come\u00e7ou a perceber que seu cabelo est\u00e1 diferente, saiba que voc\u00ea n\u00e3o &hellip;\" \/>\n<meta property=\"og:url\" content=\"https:\/\/talitadeziderio.com\/en\/2026\/08\/18\/queda-de-cabelo-e-afinamento-dos-fios-depois-dos-40\/\" \/>\n<meta property=\"og:site_name\" content=\"Talita Dezid\u00e9rio\" \/>\n<meta property=\"article:published_time\" content=\"2026-08-18T14:00:21+00:00\" \/>\n<meta property=\"article:modified_time\" content=\"2026-08-24T15:52:12+00:00\" \/>\n<meta property=\"og:image\" content=\"https:\/\/talitadeziderio.com\/wp-content\/uploads\/2026\/08\/FOTO_BLOG.png\" \/>\n\t<meta property=\"og:image:width\" content=\"1000\" \/>\n\t<meta property=\"og:image:height\" content=\"1000\" \/>\n\t<meta property=\"og:image:type\" content=\"image\/png\" \/>\n<meta name=\"author\" content=\"talitadeziderio\" \/>\n<meta name=\"twitter:card\" content=\"summary_large_image\" \/>\n<meta name=\"twitter:label1\" content=\"Written by\" \/>\n\t<meta name=\"twitter:data1\" content=\"talitadeziderio\" \/>\n\t<meta name=\"twitter:label2\" content=\"Est. reading time\" \/>\n\t<meta name=\"twitter:data2\" content=\"16 minutes\" \/>\n<script type=\"application\/ld+json\" class=\"yoast-schema-graph\">{\"@context\":\"https:\/\/schema.org\",\"@graph\":[{\"@type\":\"Article\",\"@id\":\"https:\/\/talitadeziderio.com\/2026\/08\/18\/queda-de-cabelo-e-afinamento-dos-fios-depois-dos-40\/#article\",\"isPartOf\":{\"@id\":\"https:\/\/talitadeziderio.com\/2026\/08\/18\/queda-de-cabelo-e-afinamento-dos-fios-depois-dos-40\/\"},\"author\":{\"name\":\"talitadeziderio\",\"@id\":\"https:\/\/talitadeziderio.com\/#\/schema\/person\/65c2f72e019d1c0db96d031271b72cdb\"},\"headline\":\"Queda de cabelo e afinamento dos fios depois dos 40+\",\"datePublished\":\"2026-08-18T14:00:21+00:00\",\"dateModified\":\"2026-08-24T15:52:12+00:00\",\"mainEntityOfPage\":{\"@id\":\"https:\/\/talitadeziderio.com\/2026\/08\/18\/queda-de-cabelo-e-afinamento-dos-fios-depois-dos-40\/\"},\"wordCount\":3061,\"commentCount\":2,\"publisher\":{\"@id\":\"https:\/\/talitadeziderio.com\/#organization\"},\"image\":{\"@id\":\"https:\/\/talitadeziderio.com\/2026\/08\/18\/queda-de-cabelo-e-afinamento-dos-fios-depois-dos-40\/#primaryimage\"},\"thumbnailUrl\":\"https:\/\/talitadeziderio.com\/wp-content\/uploads\/2026\/08\/FOTO_BLOG.png\",\"keywords\":[\"beleza\",\"cabelos\",\"sa\u00fade da mulher\"],\"articleSection\":[\"Beleza\",\"Sa\u00fade da Mulher\",\"Suplementos\"],\"inLanguage\":\"en-US\",\"potentialAction\":[{\"@type\":\"CommentAction\",\"name\":\"Comment\",\"target\":[\"https:\/\/talitadeziderio.com\/2026\/08\/18\/queda-de-cabelo-e-afinamento-dos-fios-depois-dos-40\/#respond\"]}]},{\"@type\":\"WebPage\",\"@id\":\"https:\/\/talitadeziderio.com\/2026\/08\/18\/queda-de-cabelo-e-afinamento-dos-fios-depois-dos-40\/\",\"url\":\"https:\/\/talitadeziderio.com\/2026\/08\/18\/queda-de-cabelo-e-afinamento-dos-fios-depois-dos-40\/\",\"name\":\"Queda de cabelo e afinamento dos fios depois dos 40+ - Talita Dezid\u00e9rio\",\"isPartOf\":{\"@id\":\"https:\/\/talitadeziderio.com\/#website\"},\"primaryImageOfPage\":{\"@id\":\"https:\/\/talitadeziderio.com\/2026\/08\/18\/queda-de-cabelo-e-afinamento-dos-fios-depois-dos-40\/#primaryimage\"},\"image\":{\"@id\":\"https:\/\/talitadeziderio.com\/2026\/08\/18\/queda-de-cabelo-e-afinamento-dos-fios-depois-dos-40\/#primaryimage\"},\"thumbnailUrl\":\"https:\/\/talitadeziderio.com\/wp-content\/uploads\/2026\/08\/FOTO_BLOG.png\",\"datePublished\":\"2026-08-18T14:00:21+00:00\",\"dateModified\":\"2026-08-24T15:52:12+00:00\",\"breadcrumb\":{\"@id\":\"https:\/\/talitadeziderio.com\/2026\/08\/18\/queda-de-cabelo-e-afinamento-dos-fios-depois-dos-40\/#breadcrumb\"},\"inLanguage\":\"en-US\",\"potentialAction\":[{\"@type\":\"ReadAction\",\"target\":[\"https:\/\/talitadeziderio.com\/2026\/08\/18\/queda-de-cabelo-e-afinamento-dos-fios-depois-dos-40\/\"]}]},{\"@type\":\"ImageObject\",\"inLanguage\":\"en-US\",\"@id\":\"https:\/\/talitadeziderio.com\/2026\/08\/18\/queda-de-cabelo-e-afinamento-dos-fios-depois-dos-40\/#primaryimage\",\"url\":\"https:\/\/talitadeziderio.com\/wp-content\/uploads\/2026\/08\/FOTO_BLOG.png\",\"contentUrl\":\"https:\/\/talitadeziderio.com\/wp-content\/uploads\/2026\/08\/FOTO_BLOG.png\",\"width\":1000,\"height\":1000},{\"@type\":\"BreadcrumbList\",\"@id\":\"https:\/\/talitadeziderio.com\/2026\/08\/18\/queda-de-cabelo-e-afinamento-dos-fios-depois-dos-40\/#breadcrumb\",\"itemListElement\":[{\"@type\":\"ListItem\",\"position\":1,\"name\":\"In\u00edcio\",\"item\":\"https:\/\/talitadeziderio.com\/\"},{\"@type\":\"ListItem\",\"position\":2,\"name\":\"Queda de cabelo e afinamento dos fios depois dos 40+\"}]},{\"@type\":\"WebSite\",\"@id\":\"https:\/\/talitadeziderio.com\/#website\",\"url\":\"https:\/\/talitadeziderio.com\/\",\"name\":\"Talita Dezid\u00e9rio\",\"description\":\"Mulher depois dos 40 anos\",\"publisher\":{\"@id\":\"https:\/\/talitadeziderio.com\/#organization\"},\"potentialAction\":[{\"@type\":\"SearchAction\",\"target\":{\"@type\":\"EntryPoint\",\"urlTemplate\":\"https:\/\/talitadeziderio.com\/?s={search_term_string}\"},\"query-input\":{\"@type\":\"PropertyValueSpecification\",\"valueRequired\":true,\"valueName\":\"search_term_string\"}}],\"inLanguage\":\"en-US\"},{\"@type\":\"Organization\",\"@id\":\"https:\/\/talitadeziderio.com\/#organization\",\"name\":\"Talita Dezid\u00e9rio\",\"url\":\"https:\/\/talitadeziderio.com\/\",\"logo\":{\"@type\":\"ImageObject\",\"inLanguage\":\"en-US\",\"@id\":\"https:\/\/talitadeziderio.com\/#\/schema\/logo\/image\/\",\"url\":\"https:\/\/talitadeziderio.com\/wp-content\/uploads\/2026\/08\/cropped-FAVICON-3.png\",\"contentUrl\":\"https:\/\/talitadeziderio.com\/wp-content\/uploads\/2026\/08\/cropped-FAVICON-3.png\",\"width\":317,\"height\":296,\"caption\":\"Talita Dezid\u00e9rio\"},\"image\":{\"@id\":\"https:\/\/talitadeziderio.com\/#\/schema\/logo\/image\/\"}},{\"@type\":\"Person\",\"@id\":\"https:\/\/talitadeziderio.com\/#\/schema\/person\/65c2f72e019d1c0db96d031271b72cdb\",\"name\":\"talitadeziderio\",\"image\":{\"@type\":\"ImageObject\",\"inLanguage\":\"en-US\",\"@id\":\"https:\/\/secure.gravatar.com\/avatar\/af1bffb9ec469f4942561f6018ccf749d45f945109e52c6cd1eb97f7419b50c7?s=96&d=mm&r=g\",\"url\":\"https:\/\/secure.gravatar.com\/avatar\/af1bffb9ec469f4942561f6018ccf749d45f945109e52c6cd1eb97f7419b50c7?s=96&d=mm&r=g\",\"contentUrl\":\"https:\/\/secure.gravatar.com\/avatar\/af1bffb9ec469f4942561f6018ccf749d45f945109e52c6cd1eb97f7419b50c7?s=96&d=mm&r=g\",\"caption\":\"talitadeziderio\"},\"sameAs\":[\"https:\/\/talitadeziderio.com\"],\"url\":\"https:\/\/talitadeziderio.com\/en\/author\/talitadeziderio\/\"}]}<\/script>\n<!-- \/ Yoast SEO plugin. -->","yoast_head_json":{"title":"Queda de cabelo e afinamento dos fios depois dos 40+ - Talita Dezid\u00e9rio","robots":{"index":"index","follow":"follow","max-snippet":"max-snippet:-1","max-image-preview":"max-image-preview:large","max-video-preview":"max-video-preview:-1"},"canonical":"https:\/\/talitadeziderio.com\/en\/2026\/08\/18\/queda-de-cabelo-e-afinamento-dos-fios-depois-dos-40\/","og_locale":"en_US","og_type":"article","og_title":"Queda de cabelo e afinamento dos fios depois dos 40+ - Talita Dezid\u00e9rio","og_description":"Se voc\u00ea tem mais de 40 anos e come\u00e7ou a perceber que seu cabelo est\u00e1 diferente, saiba que voc\u00ea n\u00e3o &hellip;","og_url":"https:\/\/talitadeziderio.com\/en\/2026\/08\/18\/queda-de-cabelo-e-afinamento-dos-fios-depois-dos-40\/","og_site_name":"Talita Dezid\u00e9rio","article_published_time":"2026-08-18T14:00:21+00:00","article_modified_time":"2026-08-24T15:52:12+00:00","og_image":[{"width":1000,"height":1000,"url":"https:\/\/talitadeziderio.com\/wp-content\/uploads\/2026\/08\/FOTO_BLOG.png","type":"image\/png"}],"author":"talitadeziderio","twitter_card":"summary_large_image","twitter_misc":{"Written by":"talitadeziderio","Est. reading time":"16 minutes"},"schema":{"@context":"https:\/\/schema.org","@graph":[{"@type":"Article","@id":"https:\/\/talitadeziderio.com\/2026\/08\/18\/queda-de-cabelo-e-afinamento-dos-fios-depois-dos-40\/#article","isPartOf":{"@id":"https:\/\/talitadeziderio.com\/2026\/08\/18\/queda-de-cabelo-e-afinamento-dos-fios-depois-dos-40\/"},"author":{"name":"talitadeziderio","@id":"https:\/\/talitadeziderio.com\/#\/schema\/person\/65c2f72e019d1c0db96d031271b72cdb"},"headline":"Queda de cabelo e afinamento dos fios depois dos 40+","datePublished":"2026-08-18T14:00:21+00:00","dateModified":"2026-08-24T15:52:12+00:00","mainEntityOfPage":{"@id":"https:\/\/talitadeziderio.com\/2026\/08\/18\/queda-de-cabelo-e-afinamento-dos-fios-depois-dos-40\/"},"wordCount":3061,"commentCount":2,"publisher":{"@id":"https:\/\/talitadeziderio.com\/#organization"},"image":{"@id":"https:\/\/talitadeziderio.com\/2026\/08\/18\/queda-de-cabelo-e-afinamento-dos-fios-depois-dos-40\/#primaryimage"},"thumbnailUrl":"https:\/\/talitadeziderio.com\/wp-content\/uploads\/2026\/08\/FOTO_BLOG.png","keywords":["beleza","cabelos","sa\u00fade da mulher"],"articleSection":["Beleza","Sa\u00fade da Mulher","Suplementos"],"inLanguage":"en-US","potentialAction":[{"@type":"CommentAction","name":"Comment","target":["https:\/\/talitadeziderio.com\/2026\/08\/18\/queda-de-cabelo-e-afinamento-dos-fios-depois-dos-40\/#respond"]}]},{"@type":"WebPage","@id":"https:\/\/talitadeziderio.com\/2026\/08\/18\/queda-de-cabelo-e-afinamento-dos-fios-depois-dos-40\/","url":"https:\/\/talitadeziderio.com\/2026\/08\/18\/queda-de-cabelo-e-afinamento-dos-fios-depois-dos-40\/","name":"Queda de cabelo e afinamento dos fios depois dos 40+ - Talita Dezid\u00e9rio","isPartOf":{"@id":"https:\/\/talitadeziderio.com\/#website"},"primaryImageOfPage":{"@id":"https:\/\/talitadeziderio.com\/2026\/08\/18\/queda-de-cabelo-e-afinamento-dos-fios-depois-dos-40\/#primaryimage"},"image":{"@id":"https:\/\/talitadeziderio.com\/2026\/08\/18\/queda-de-cabelo-e-afinamento-dos-fios-depois-dos-40\/#primaryimage"},"thumbnailUrl":"https:\/\/talitadeziderio.com\/wp-content\/uploads\/2026\/08\/FOTO_BLOG.png","datePublished":"2026-08-18T14:00:21+00:00","dateModified":"2026-08-24T15:52:12+00:00","breadcrumb":{"@id":"https:\/\/talitadeziderio.com\/2026\/08\/18\/queda-de-cabelo-e-afinamento-dos-fios-depois-dos-40\/#breadcrumb"},"inLanguage":"en-US","potentialAction":[{"@type":"ReadAction","target":["https:\/\/talitadeziderio.com\/2026\/08\/18\/queda-de-cabelo-e-afinamento-dos-fios-depois-dos-40\/"]}]},{"@type":"ImageObject","inLanguage":"en-US","@id":"https:\/\/talitadeziderio.com\/2026\/08\/18\/queda-de-cabelo-e-afinamento-dos-fios-depois-dos-40\/#primaryimage","url":"https:\/\/talitadeziderio.com\/wp-content\/uploads\/2026\/08\/FOTO_BLOG.png","contentUrl":"https:\/\/talitadeziderio.com\/wp-content\/uploads\/2026\/08\/FOTO_BLOG.png","width":1000,"height":1000},{"@type":"BreadcrumbList","@id":"https:\/\/talitadeziderio.com\/2026\/08\/18\/queda-de-cabelo-e-afinamento-dos-fios-depois-dos-40\/#breadcrumb","itemListElement":[{"@type":"ListItem","position":1,"name":"In\u00edcio","item":"https:\/\/talitadeziderio.com\/"},{"@type":"ListItem","position":2,"name":"Queda de cabelo e afinamento dos fios depois dos 40+"}]},{"@type":"WebSite","@id":"https:\/\/talitadeziderio.com\/#website","url":"https:\/\/talitadeziderio.com\/","name":"Talita Dezid\u00e9rio","description":"Mulher depois dos 40 anos","publisher":{"@id":"https:\/\/talitadeziderio.com\/#organization"},"potentialAction":[{"@type":"SearchAction","target":{"@type":"EntryPoint","urlTemplate":"https:\/\/talitadeziderio.com\/?s={search_term_string}"},"query-input":{"@type":"PropertyValueSpecification","valueRequired":true,"valueName":"search_term_string"}}],"inLanguage":"en-US"},{"@type":"Organization","@id":"https:\/\/talitadeziderio.com\/#organization","name":"Talita Dezid\u00e9rio","url":"https:\/\/talitadeziderio.com\/","logo":{"@type":"ImageObject","inLanguage":"en-US","@id":"https:\/\/talitadeziderio.com\/#\/schema\/logo\/image\/","url":"https:\/\/talitadeziderio.com\/wp-content\/uploads\/2026\/08\/cropped-FAVICON-3.png","contentUrl":"https:\/\/talitadeziderio.com\/wp-content\/uploads\/2026\/08\/cropped-FAVICON-3.png","width":317,"height":296,"caption":"Talita Dezid\u00e9rio"},"image":{"@id":"https:\/\/talitadeziderio.com\/#\/schema\/logo\/image\/"}},{"@type":"Person","@id":"https:\/\/talitadeziderio.com\/#\/schema\/person\/65c2f72e019d1c0db96d031271b72cdb","name":"talitadeziderio","image":{"@type":"ImageObject","inLanguage":"en-US","@id":"https:\/\/secure.gravatar.com\/avatar\/af1bffb9ec469f4942561f6018ccf749d45f945109e52c6cd1eb97f7419b50c7?s=96&d=mm&r=g","url":"https:\/\/secure.gravatar.com\/avatar\/af1bffb9ec469f4942561f6018ccf749d45f945109e52c6cd1eb97f7419b50c7?s=96&d=mm&r=g","contentUrl":"https:\/\/secure.gravatar.com\/avatar\/af1bffb9ec469f4942561f6018ccf749d45f945109e52c6cd1eb97f7419b50c7?s=96&d=mm&r=g","caption":"talitadeziderio"},"sameAs":["https:\/\/talitadeziderio.com"],"url":"https:\/\/talitadeziderio.com\/en\/author\/talitadeziderio\/"}]}},"_links":{"self":[{"href":"https:\/\/talitadeziderio.com\/en\/wp-json\/wp\/v2\/posts\/339","targetHints":{"allow":["GET"]}}],"collection":[{"href":"https:\/\/talitadeziderio.com\/en\/wp-json\/wp\/v2\/posts"}],"about":[{"href":"https:\/\/talitadeziderio.com\/en\/wp-json\/wp\/v2\/types\/post"}],"author":[{"embeddable":true,"href":"https:\/\/talitadeziderio.com\/en\/wp-json\/wp\/v2\/users\/1"}],"replies":[{"embeddable":true,"href":"https:\/\/talitadeziderio.com\/en\/wp-json\/wp\/v2\/comments?post=339"}],"version-history":[{"count":5,"href":"https:\/\/talitadeziderio.com\/en\/wp-json\/wp\/v2\/posts\/339\/revisions"}],"predecessor-version":[{"id":411,"href":"https:\/\/talitadeziderio.com\/en\/wp-json\/wp\/v2\/posts\/339\/revisions\/411"}],"wp:featuredmedia":[{"embeddable":true,"href":"https:\/\/talitadeziderio.com\/en\/wp-json\/wp\/v2\/media\/366"}],"wp:attachment":[{"href":"https:\/\/talitadeziderio.com\/en\/wp-json\/wp\/v2\/media?parent=339"}],"wp:term":[{"taxonomy":"category","embeddable":true,"href":"https:\/\/talitadeziderio.com\/en\/wp-json\/wp\/v2\/categories?post=339"},{"taxonomy":"post_tag","embeddable":true,"href":"https:\/\/talitadeziderio.com\/en\/wp-json\/wp\/v2\/tags?post=339"}],"curies":[{"name":"wp","href":"https:\/\/api.w.org\/{rel}","templated":true}]}}