{"id":306,"date":"2026-08-06T13:48:17","date_gmt":"2026-08-06T13:48:17","guid":{"rendered":"https:\/\/talitadeziderio.com\/?p=306"},"modified":"2026-08-06T13:48:18","modified_gmt":"2026-08-06T13:48:18","slug":"nevoa-mental-em-mulheres-40","status":"publish","type":"post","link":"https:\/\/talitadeziderio.com\/en\/2026\/08\/06\/nevoa-mental-em-mulheres-40\/","title":{"rendered":"N\u00e9voa Mental em Mulheres 40+"},"content":{"rendered":"<p class=\"wp-block-paragraph\">Voc\u00ea j\u00e1 entrou em um c\u00f4modo e esqueceu completamente o que foi fazer? J\u00e1 perdeu a linha de racioc\u00ednio durante uma conversa, esqueceu palavras simples ou sentiu que seu c\u00e9rebro simplesmente &#8220;n\u00e3o funciona mais como antes&#8221;? Se voc\u00ea tem mais de 40 anos e vem percebendo dificuldades de mem\u00f3ria, concentra\u00e7\u00e3o ou racioc\u00ednio, saiba que n\u00e3o est\u00e1 sozinha.<\/p>\n\n\n\n<figure class=\"wp-block-image size-large is-resized\"><img fetchpriority=\"high\" decoding=\"async\" width=\"819\" height=\"1024\" src=\"https:\/\/talitadeziderio.com\/wp-content\/uploads\/2026\/08\/nevoa-mental-819x1024.png\" alt=\"\" class=\"wp-image-308\" style=\"aspect-ratio:0.7998080460689434;width:394px;height:auto\" srcset=\"https:\/\/talitadeziderio.com\/wp-content\/uploads\/2026\/08\/nevoa-mental-819x1024.png 819w, https:\/\/talitadeziderio.com\/wp-content\/uploads\/2026\/08\/nevoa-mental-240x300.png 240w, https:\/\/talitadeziderio.com\/wp-content\/uploads\/2026\/08\/nevoa-mental-768x960.png 768w, https:\/\/talitadeziderio.com\/wp-content\/uploads\/2026\/08\/nevoa-mental.png 1080w\" sizes=\"(max-width: 819px) 100vw, 819px\" \/><\/figure>\n\n\n\n<p class=\"wp-block-paragraph\">A chamada <strong>n\u00e9voa mental<\/strong> (<strong><em><a href=\"https:\/\/saude.abril.com.br\/mente-saudavel\/nevoa-mental-o-que-e-e-como-tratar-o-brain-fog\/\">brain fog<\/a><\/em><\/strong>) \u00e9 uma das queixas mais comuns entre mulheres na faixa dos 40 anos, principalmente durante a perimenopausa e a menopausa. Apesar de n\u00e3o ser considerada uma doen\u00e7a, ela pode comprometer significativamente a qualidade de vida, o desempenho profissional, os relacionamentos e at\u00e9 mesmo a autoestima.<\/p>\n\n\n\n<p class=\"wp-block-paragraph\">Muitas mulheres acreditam que est\u00e3o desenvolvendo Alzheimer, dem\u00eancia precoce ou simplesmente que est\u00e3o &#8220;ficando desatentas&#8221;, TDAH, falta de foco&#8230;. Na maioria das vezes, por\u00e9m, o problema est\u00e1 relacionado \u00e0s intensas altera\u00e7\u00f5es hormonais que ocorrem nessa fase da vida, somadas a fatores como estresse cr\u00f4nico, noites mal dormidas, resist\u00eancia \u00e0 insulina, alimenta\u00e7\u00e3o inadequada, sedentarismo e defici\u00eancias nutricionais.<\/p>\n\n\n\n<p class=\"wp-block-paragraph\">A boa not\u00edcia \u00e9 que, na maioria dos casos, a n\u00e9voa mental pode melhorar muito quando suas causas s\u00e3o identificadas e tratadas adequadamente. Neste artigo voc\u00ea entender\u00e1 o que \u00e9 a n\u00e9voa mental, por que ela \u00e9 t\u00e3o comum ap\u00f3s os 40 anos, quais exames podem ser necess\u00e1rios, quais nutrientes s\u00e3o fundamentais para o c\u00e9rebro feminino e o que a ci\u00eancia recomenda para recuperar a clareza mental.<\/p>\n\n\n\n<figure class=\"wp-block-image size-large is-resized\"><img decoding=\"async\" width=\"819\" height=\"1024\" src=\"https:\/\/talitadeziderio.com\/wp-content\/uploads\/2026\/08\/memoria-2-819x1024.png\" alt=\"\" class=\"wp-image-307\" style=\"aspect-ratio:0.7998131277738846;width:360px;height:auto\" srcset=\"https:\/\/talitadeziderio.com\/wp-content\/uploads\/2026\/08\/memoria-2-819x1024.png 819w, https:\/\/talitadeziderio.com\/wp-content\/uploads\/2026\/08\/memoria-2-240x300.png 240w, https:\/\/talitadeziderio.com\/wp-content\/uploads\/2026\/08\/memoria-2-768x960.png 768w, https:\/\/talitadeziderio.com\/wp-content\/uploads\/2026\/08\/memoria-2.png 1080w\" sizes=\"(max-width: 819px) 100vw, 819px\" \/><\/figure>\n\n\n\n<h2 class=\"wp-block-heading\">O que \u00e9 n\u00e9voa mental?<\/h2>\n\n\n\n<p class=\"wp-block-paragraph\">&#8220;N\u00e9voa mental&#8221; \u00e9 um termo utilizado para descrever uma sensa\u00e7\u00e3o persistente de lentid\u00e3o cognitiva. A mulher sente como se o c\u00e9rebro estivesse funcionando em &#8220;c\u00e2mera lenta&#8221;.<\/p>\n\n\n\n<p class=\"wp-block-paragraph\">Entre os sintomas mais frequentes est\u00e3o:<\/p>\n\n\n\n<ul class=\"wp-block-list\">\n<li>dificuldade para lembrar nomes e palavras;<\/li>\n\n\n\n<li>esquecer compromissos recentes;<\/li>\n\n\n\n<li>dificuldade para manter o foco;<\/li>\n\n\n\n<li>perda de concentra\u00e7\u00e3o;<\/li>\n\n\n\n<li>sensa\u00e7\u00e3o de confus\u00e3o;<\/li>\n\n\n\n<li>dificuldade para tomar decis\u00f5es;<\/li>\n\n\n\n<li>racioc\u00ednio mais lento;<\/li>\n\n\n\n<li>baixa produtividade;<\/li>\n\n\n\n<li>dificuldade para aprender informa\u00e7\u00f5es novas;<\/li>\n\n\n\n<li>sensa\u00e7\u00e3o constante de cansa\u00e7o mental.<\/li>\n<\/ul>\n\n\n\n<p class=\"wp-block-paragraph\">Embora esses sintomas sejam muito reais, eles geralmente n\u00e3o indicam perda permanente da mem\u00f3ria. Na maioria das mulheres, representam altera\u00e7\u00f5es tempor\u00e1rias do funcionamento cerebral relacionadas ao contexto hormonal e metab\u00f3lico.<\/p>\n\n\n\n<h2 class=\"wp-block-heading\">Por que a n\u00e9voa mental aumenta depois dos 40 anos?<\/h2>\n\n\n\n<p class=\"wp-block-paragraph\">Ap\u00f3s os 40 anos, muitas mulheres entram na <strong><a href=\"https:\/\/talitadeziderio.com\/en\/2026\/07\/31\/perimenopausa-o-que-muda-no-corpo-da-mulher-apos-os-40-anos\/\">perimenopausa<\/a><\/strong>, per\u00edodo que antecede a menopausa e pode durar v\u00e1rios anos. Nessa fase, ocorre uma grande oscila\u00e7\u00e3o dos horm\u00f4nios ovarianos, especialmente do estrog\u00eanio. O estrog\u00eanio exerce diversas fun\u00e7\u00f5es no c\u00e9rebro. Ele participa da comunica\u00e7\u00e3o entre os neur\u00f4nios, estimula a forma\u00e7\u00e3o de novas conex\u00f5es cerebrais, protege contra processos inflamat\u00f3rios, favorece o fluxo sangu\u00edneo cerebral e influencia neurotransmissores como serotonina, dopamina e acetilcolina.<\/p>\n\n\n\n<p class=\"wp-block-paragraph\">Quando seus n\u00edveis come\u00e7am a oscilar ou diminuir, o c\u00e9rebro tamb\u00e9m sente essas mudan\u00e7as. \u00c9 justamente por isso que muitas mulheres relatam que &#8220;n\u00e3o conseguem mais pensar como antes&#8221;. Importante destacar que isso n\u00e3o significa perda da intelig\u00eancia. O c\u00e9rebro continua capaz de aprender, criar e resolver problemas. Apenas est\u00e1 funcionando sob novas condi\u00e7\u00f5es fisiol\u00f3gicas.<\/p>\n\n\n\n<h2 class=\"wp-block-heading\">O papel do estrog\u00eanio na mem\u00f3ria e na concentra\u00e7\u00e3o<\/h2>\n\n\n\n<p class=\"wp-block-paragraph\">Durante muitos anos acreditou-se que o estrog\u00eanio atuava apenas no sistema reprodutivo. Hoje sabemos que existem receptores de estrog\u00eanio espalhados por diversas regi\u00f5es do c\u00e9rebro, especialmente no hipocampo \u2014 \u00e1rea respons\u00e1vel pela forma\u00e7\u00e3o das mem\u00f3rias.<\/p>\n\n\n\n<p class=\"wp-block-paragraph\">Quando ocorre redu\u00e7\u00e3o hormonal, podem surgir altera\u00e7\u00f5es em:<\/p>\n\n\n\n<ul class=\"wp-block-list\">\n<li>mem\u00f3ria recente;<\/li>\n\n\n\n<li>velocidade de processamento;<\/li>\n\n\n\n<li>aten\u00e7\u00e3o sustentada;<\/li>\n\n\n\n<li>aprendizagem;<\/li>\n\n\n\n<li>organiza\u00e7\u00e3o do pensamento;<\/li>\n\n\n\n<li>flexibilidade cognitiva.<\/li>\n<\/ul>\n\n\n\n<p class=\"wp-block-paragraph\">Al\u00e9m disso, o estrog\u00eanio possui importante a\u00e7\u00e3o antioxidante e anti-inflamat\u00f3ria, protegendo o tecido cerebral contra danos ao longo do envelhecimento.<\/p>\n\n\n\n<h2 class=\"wp-block-heading\">Sono ruim: um dos maiores respons\u00e1veis pela n\u00e9voa mental<\/h2>\n\n\n\n<p class=\"wp-block-paragraph\">Poucas mulheres associam uma noite mal dormida ao funcionamento do c\u00e9rebro. Entretanto, durante o sono profundo ocorre a consolida\u00e7\u00e3o das mem\u00f3rias, a elimina\u00e7\u00e3o de res\u00edduos metab\u00f3licos acumulados ao longo do dia e a reorganiza\u00e7\u00e3o das conex\u00f5es neuronais. Na perimenopausa, sintomas como ondas de calor, suor noturno, ansiedade e despertares frequentes tornam o sono fragmentado. Mesmo dormindo muitas horas, o c\u00e9rebro pode n\u00e3o alcan\u00e7ar os est\u00e1gios restauradores necess\u00e1rios.<\/p>\n\n\n\n<p class=\"wp-block-paragraph\">Com o passar das semanas, come\u00e7am a surgir:<\/p>\n\n\n\n<ul class=\"wp-block-list\">\n<li>lapsos de mem\u00f3ria;<\/li>\n\n\n\n<li>dificuldade de concentra\u00e7\u00e3o;<\/li>\n\n\n\n<li>irritabilidade;<\/li>\n\n\n\n<li>baixa criatividade;<\/li>\n\n\n\n<li>fadiga mental.<\/li>\n<\/ul>\n\n\n\n<p class=\"wp-block-paragraph\">Melhorar a qualidade do sono costuma ser uma das interven\u00e7\u00f5es mais eficazes para reduzir a n\u00e9voa mental.<\/p>\n\n\n\n<h2 class=\"wp-block-heading\">Resist\u00eancia \u00e0 insulina e c\u00e9rebro: uma rela\u00e7\u00e3o pouco conhecida<\/h2>\n\n\n\n<p class=\"wp-block-paragraph\">A glicose \u00e9 o principal combust\u00edvel do c\u00e9rebro. Quando existe resist\u00eancia \u00e0 insulina, as c\u00e9lulas apresentam dificuldade para utilizar essa energia de forma eficiente. Isso pode afetar diretamente fun\u00e7\u00f5es cognitivas. Diversos estudos sugerem que altera\u00e7\u00f5es metab\u00f3licas aumentam processos inflamat\u00f3rios cerebrais e reduzem a efici\u00eancia das conex\u00f5es neuronais.<\/p>\n\n\n\n<p class=\"wp-block-paragraph\">Por isso, mulheres com pr\u00e9-diabetes, diabetes tipo 2, s\u00edndrome metab\u00f3lica ou excesso de gordura abdominal frequentemente apresentam maior incid\u00eancia de n\u00e9voa mental. Uma alimenta\u00e7\u00e3o rica em prote\u00ednas, fibras, vegetais, gorduras boas e carboidratos de baixo \u00edndice glic\u00eamico pode contribuir para maior estabilidade energ\u00e9tica ao longo do dia.<\/p>\n\n\n\n<h2 class=\"wp-block-heading\">Inflama\u00e7\u00e3o cr\u00f4nica tamb\u00e9m prejudica o c\u00e9rebro<\/h2>\n\n\n\n<p class=\"wp-block-paragraph\">O c\u00e9rebro \u00e9 extremamente sens\u00edvel aos processos inflamat\u00f3rios. Dietas ricas em ultraprocessados, excesso de a\u00e7\u00facar, sedentarismo, obesidade, estresse cr\u00f4nico e altera\u00e7\u00f5es intestinais podem aumentar a produ\u00e7\u00e3o de subst\u00e2ncias inflamat\u00f3rias. Essas mol\u00e9culas conseguem atravessar a barreira hematoencef\u00e1lica e interferir na comunica\u00e7\u00e3o entre os neur\u00f4nios. Por isso, muitos especialistas consideram a alimenta\u00e7\u00e3o anti-inflamat\u00f3ria uma importante estrat\u00e9gia para preservar a fun\u00e7\u00e3o cognitiva feminina.<\/p>\n\n\n\n<h2 class=\"wp-block-heading\">O intestino tamb\u00e9m conversa com o c\u00e9rebro<\/h2>\n\n\n\n<p class=\"wp-block-paragraph\">Hoje sabemos que existe uma intensa comunica\u00e7\u00e3o entre intestino e c\u00e9rebro, conhecida como eixo intestino-c\u00e9rebro. A microbiota intestinal participa da produ\u00e7\u00e3o de neurotransmissores, regula processos inflamat\u00f3rios e influencia diretamente o humor e a cogni\u00e7\u00e3o.<\/p>\n\n\n\n<p class=\"wp-block-paragraph\">Quando ocorre desequil\u00edbrio da microbiota (disbiose), podem surgir sintomas como:<\/p>\n\n\n\n<ul class=\"wp-block-list\">\n<li>dificuldade de concentra\u00e7\u00e3o;<\/li>\n\n\n\n<li>ansiedade;<\/li>\n\n\n\n<li>altera\u00e7\u00f5es de humor;<\/li>\n\n\n\n<li>fadiga;<\/li>\n\n\n\n<li>piora da mem\u00f3ria.<\/li>\n<\/ul>\n\n\n\n<p class=\"wp-block-paragraph\">Consumir alimentos ricos em fibras, frutas, verduras, legumes e alimentos fermentados pode favorecer uma microbiota mais saud\u00e1vel.<\/p>\n\n\n\n<h2 class=\"wp-block-heading\">Defici\u00eancias nutricionais que podem causar n\u00e9voa mental<\/h2>\n\n\n\n<p class=\"wp-block-paragraph\">Nem toda dificuldade de mem\u00f3ria est\u00e1 relacionada aos horm\u00f4nios. Algumas defici\u00eancias nutricionais s\u00e3o causas importantes de altera\u00e7\u00f5es cognitivas.<\/p>\n\n\n\n<p class=\"wp-block-paragraph\">Entre elas destacam-se:<\/p>\n\n\n\n<ul class=\"wp-block-list\">\n<li>vitamina B12;<\/li>\n\n\n\n<li>ferro;<\/li>\n\n\n\n<li>vitamina D;<\/li>\n\n\n\n<li>folato;<\/li>\n\n\n\n<li>magn\u00e9sio;<\/li>\n\n\n\n<li>\u00f4mega-3.<\/li>\n<\/ul>\n\n\n\n<p class=\"wp-block-paragraph\">A defici\u00eancia de ferro, por exemplo, reduz o transporte de oxig\u00eanio para os tecidos, podendo provocar cansa\u00e7o intenso e dificuldade de concentra\u00e7\u00e3o. J\u00e1 a vitamina B12 participa diretamente da manuten\u00e7\u00e3o dos neur\u00f4nios e da forma\u00e7\u00e3o da bainha de mielina. Por isso, exames laboratoriais podem ser fundamentais para identificar fatores corrig\u00edveis.<\/p>\n\n\n\n<h2 class=\"wp-block-heading\">O estresse acelera a fadiga cerebral<\/h2>\n\n\n\n<p class=\"wp-block-paragraph\">O excesso de cortisol prejudica \u00e1reas importantes do c\u00e9rebro, especialmente o hipocampo. Quando o organismo permanece meses ou anos em estado constante de alerta, torna-se mais dif\u00edcil formar novas mem\u00f3rias, manter o foco e organizar pensamentos. Muitas mulheres ap\u00f3s os 40 anos enfrentam uma sobrecarga significativa: carreira, filhos, pais idosos, responsabilidades financeiras e mudan\u00e7as hormonais acontecendo simultaneamente. N\u00e3o \u00e9 surpreendente que o c\u00e9rebro demonstre sinais de exaust\u00e3o.<\/p>\n\n\n\n<h2 class=\"wp-block-heading\">Alimenta\u00e7\u00e3o que favorece a sa\u00fade cerebral<\/h2>\n\n\n\n<p class=\"wp-block-paragraph\">Embora n\u00e3o exista um alimento milagroso, alguns padr\u00f5es alimentares demonstram benef\u00edcios consistentes para o c\u00e9rebro.<\/p>\n\n\n\n<p class=\"wp-block-paragraph\">Entre os alimentos mais estudados est\u00e3o:<\/p>\n\n\n\n<ul class=\"wp-block-list\">\n<li>peixes ricos em \u00f4mega-3;<\/li>\n\n\n\n<li>azeite de oliva extravirgem;<\/li>\n\n\n\n<li>frutas vermelhas;<\/li>\n\n\n\n<li>vegetais verde-escuros;<\/li>\n\n\n\n<li>oleaginosas;<\/li>\n\n\n\n<li>sementes;<\/li>\n\n\n\n<li>ovos;<\/li>\n\n\n\n<li>abacate;<\/li>\n\n\n\n<li>leguminosas.<\/li>\n<\/ul>\n\n\n\n<p class=\"wp-block-paragraph\">Ao mesmo tempo, reduzir refrigerantes, excesso de a\u00e7\u00facar, bebidas alco\u00f3licas e alimentos ultraprocessados pode contribuir para diminuir processos inflamat\u00f3rios.<\/p>\n\n\n\n<h2 class=\"wp-block-heading\">Exerc\u00edcio f\u00edsico melhora muito mais do que o corpo<\/h2>\n\n\n\n<p class=\"wp-block-paragraph\">A pr\u00e1tica regular de atividade f\u00edsica aumenta a produ\u00e7\u00e3o do fator neurotr\u00f3fico derivado do c\u00e9rebro (BDNF), prote\u00edna fundamental para a forma\u00e7\u00e3o de novas conex\u00f5es neuronais. Al\u00e9m disso, melhora a circula\u00e7\u00e3o cerebral, reduz inflama\u00e7\u00e3o, favorece o controle da glicemia e diminui sintomas de ansiedade e depress\u00e3o. Mulheres fisicamente ativas costumam apresentar melhor desempenho cognitivo ao longo do envelhecimento.<\/p>\n\n\n\n<h2 class=\"wp-block-heading\">Quando procurar ajuda m\u00e9dica?<\/h2>\n\n\n\n<p class=\"wp-block-paragraph\">Embora a n\u00e9voa mental seja comum, alguns sinais merecem investiga\u00e7\u00e3o mais aprofundada.<\/p>\n\n\n\n<p class=\"wp-block-paragraph\">Procure avalia\u00e7\u00e3o m\u00e9dica quando houver:<\/p>\n\n\n\n<ul class=\"wp-block-list\">\n<li>perda importante da mem\u00f3ria;<\/li>\n\n\n\n<li>dificuldade para realizar atividades simples;<\/li>\n\n\n\n<li>altera\u00e7\u00f5es significativas da personalidade;<\/li>\n\n\n\n<li>piora r\u00e1pida dos sintomas;<\/li>\n\n\n\n<li>desorienta\u00e7\u00e3o frequente;<\/li>\n\n\n\n<li>dificuldade para reconhecer pessoas conhecidas.<\/li>\n<\/ul>\n\n\n\n<p class=\"wp-block-paragraph\">Tamb\u00e9m \u00e9 importante investigar doen\u00e7as da tireoide, anemia, defici\u00eancia de vitaminas, dist\u00farbios do sono, depress\u00e3o, ansiedade e outras condi\u00e7\u00f5es cl\u00ednicas.<\/p>\n\n\n\n<h2 class=\"wp-block-heading\">Existe tratamento?<\/h2>\n\n\n\n<p class=\"wp-block-paragraph\">O tratamento depende da causa.<\/p>\n\n\n\n<p class=\"wp-block-paragraph\">Pode incluir:<\/p>\n\n\n\n<ul class=\"wp-block-list\">\n<li>orienta\u00e7\u00e3o nutricional individualizada;<\/li>\n\n\n\n<li>melhora da qualidade do sono;<\/li>\n\n\n\n<li>controle da resist\u00eancia \u00e0 insulina;<\/li>\n\n\n\n<li>pr\u00e1tica regular de atividade f\u00edsica;<\/li>\n\n\n\n<li>manejo do estresse;<\/li>\n\n\n\n<li>reposi\u00e7\u00e3o de nutrientes quando indicada;<\/li>\n\n\n\n<li>tratamento de doen\u00e7as associadas;<\/li>\n\n\n\n<li>avalia\u00e7\u00e3o ginecol\u00f3gica sobre terapia hormonal, quando apropriado.<\/li>\n<\/ul>\n\n\n\n<p class=\"wp-block-paragraph\">Cada mulher possui necessidades diferentes, e a abordagem deve ser personalizada.<\/p>\n\n\n\n<h2 class=\"wp-block-heading\">\u00c9 poss\u00edvel recuperar a clareza mental?<\/h2>\n\n\n\n<p class=\"wp-block-paragraph\">Na maioria das mulheres, sim. O c\u00e9rebro mant\u00e9m capacidade de adapta\u00e7\u00e3o durante toda a vida, fen\u00f4meno conhecido como neuroplasticidade.<\/p>\n\n\n\n<p class=\"wp-block-paragraph\">Quando fatores como alimenta\u00e7\u00e3o, sono, atividade f\u00edsica, equil\u00edbrio hormonal e sa\u00fade metab\u00f3lica s\u00e3o cuidados de forma integrada, muitas mulheres relatam melhora significativa da mem\u00f3ria, da concentra\u00e7\u00e3o e da produtividade. O mais importante \u00e9 compreender que esquecer palavras ocasionalmente ou sentir o racioc\u00ednio mais lento ap\u00f3s os 40 anos n\u00e3o significa necessariamente uma doen\u00e7a neurodegenerativa. Na maior parte dos casos, o c\u00e9rebro est\u00e1 apenas respondendo \u00e0s mudan\u00e7as hormonais e ao estilo de vida.<\/p>\n\n\n\n<h2 class=\"wp-block-heading\"><\/h2>\n\n\n\n<p class=\"wp-block-paragraph\">A n\u00e9voa mental em mulheres com mais de 40 anos \u00e9 uma condi\u00e7\u00e3o comum, multifatorial e frequentemente subestimada. Altera\u00e7\u00f5es hormonais da perimenopausa e menopausa, priva\u00e7\u00e3o de sono, resist\u00eancia \u00e0 insulina, inflama\u00e7\u00e3o cr\u00f4nica, estresse e defici\u00eancias nutricionais podem atuar em conjunto, comprometendo mem\u00f3ria, concentra\u00e7\u00e3o e clareza mental.<\/p>\n\n\n\n<p class=\"wp-block-paragraph\">A boa not\u00edcia \u00e9 que essas altera\u00e7\u00f5es n\u00e3o precisam ser encaradas como uma consequ\u00eancia inevit\u00e1vel do envelhecimento. Um estilo de vida saud\u00e1vel, uma alimenta\u00e7\u00e3o rica em nutrientes, atividade f\u00edsica regular, sono de qualidade e acompanhamento por profissionais de sa\u00fade podem promover melhora significativa da fun\u00e7\u00e3o cognitiva e da qualidade de vida.<\/p>\n\n\n\n<p class=\"wp-block-paragraph\">Se voc\u00ea tem mais de 40 anos e percebe que sua mente j\u00e1 n\u00e3o funciona como antes, n\u00e3o ignore esses sinais. Eles podem ser um convite do seu organismo para olhar com mais aten\u00e7\u00e3o para sua sa\u00fade hormonal, metab\u00f3lica e emocional. Cuidar do c\u00e9rebro \u00e9 tamb\u00e9m cuidar do corpo inteiro.<\/p>\n\n\n\n<p class=\"wp-block-paragraph\">Deixe aqui sus d\u00favida sobre o assunto!! <\/p>\n\n\n\n<p class=\"wp-block-paragraph\"><\/p>\n\n\n\n<p class=\"wp-block-paragraph\">Por Talita Dezid\u00e9rio<\/p>","protected":false},"excerpt":{"rendered":"<p>Voc\u00ea j\u00e1 entrou em um c\u00f4modo e esqueceu completamente o que foi fazer? J\u00e1 perdeu a linha de racioc\u00ednio durante &hellip; <\/p>","protected":false},"author":1,"featured_media":307,"comment_status":"open","ping_status":"open","sticky":false,"template":"","format":"standard","meta":{"footnotes":""},"categories":[42],"tags":[52,51],"class_list":["post-306","post","type-post","status-publish","format-standard","has-post-thumbnail","hentry","category-saude-da-mulher","tag-brain-fog","tag-nevoa-mental"],"yoast_head":"<!-- This site is optimized with the Yoast SEO plugin v27.2 - https:\/\/yoast.com\/product\/yoast-seo-wordpress\/ -->\n<title>N\u00e9voa Mental em Mulheres 40+ - Talita Dezid\u00e9rio<\/title>\n<meta name=\"description\" content=\"Descubra por que a n\u00e9voa mental \u00e9 comum em mulheres ap\u00f3s os 40 anos, seus sintomas, causas e as melhores estrat\u00e9gias para recuperar a mem\u00f3ria e a concentra\u00e7\u00e3o.\" \/>\n<meta name=\"robots\" content=\"index, follow, max-snippet:-1, max-image-preview:large, max-video-preview:-1\" \/>\n<link rel=\"canonical\" href=\"https:\/\/talitadeziderio.com\/en\/2026\/08\/06\/nevoa-mental-em-mulheres-40\/\" \/>\n<meta property=\"og:locale\" content=\"en_US\" \/>\n<meta property=\"og:type\" content=\"article\" \/>\n<meta property=\"og:title\" content=\"N\u00e9voa Mental em Mulheres 40+ - Talita Dezid\u00e9rio\" \/>\n<meta property=\"og:description\" content=\"Descubra por que a n\u00e9voa mental \u00e9 comum em mulheres ap\u00f3s os 40 anos, seus sintomas, causas e as melhores estrat\u00e9gias para recuperar a mem\u00f3ria e a concentra\u00e7\u00e3o.\" \/>\n<meta property=\"og:url\" content=\"https:\/\/talitadeziderio.com\/en\/2026\/08\/06\/nevoa-mental-em-mulheres-40\/\" \/>\n<meta property=\"og:site_name\" content=\"Talita Dezid\u00e9rio\" \/>\n<meta property=\"article:published_time\" content=\"2026-08-06T13:48:17+00:00\" \/>\n<meta property=\"article:modified_time\" content=\"2026-08-06T13:48:18+00:00\" \/>\n<meta property=\"og:image\" content=\"https:\/\/talitadeziderio.com\/wp-content\/uploads\/2026\/08\/memoria-2.png\" \/>\n\t<meta property=\"og:image:width\" content=\"1080\" \/>\n\t<meta property=\"og:image:height\" content=\"1350\" \/>\n\t<meta property=\"og:image:type\" content=\"image\/png\" \/>\n<meta name=\"author\" content=\"talitadeziderio\" \/>\n<meta name=\"twitter:card\" content=\"summary_large_image\" \/>\n<meta name=\"twitter:label1\" content=\"Written by\" \/>\n\t<meta name=\"twitter:data1\" content=\"talitadeziderio\" \/>\n\t<meta name=\"twitter:label2\" content=\"Est. reading time\" \/>\n\t<meta name=\"twitter:data2\" content=\"10 minutes\" \/>\n<script type=\"application\/ld+json\" class=\"yoast-schema-graph\">{\"@context\":\"https:\/\/schema.org\",\"@graph\":[{\"@type\":\"Article\",\"@id\":\"https:\/\/talitadeziderio.com\/2026\/08\/06\/nevoa-mental-em-mulheres-40\/#article\",\"isPartOf\":{\"@id\":\"https:\/\/talitadeziderio.com\/2026\/08\/06\/nevoa-mental-em-mulheres-40\/\"},\"author\":{\"name\":\"talitadeziderio\",\"@id\":\"https:\/\/talitadeziderio.com\/#\/schema\/person\/65c2f72e019d1c0db96d031271b72cdb\"},\"headline\":\"N\u00e9voa Mental em Mulheres 40+\",\"datePublished\":\"2026-08-06T13:48:17+00:00\",\"dateModified\":\"2026-08-06T13:48:18+00:00\",\"mainEntityOfPage\":{\"@id\":\"https:\/\/talitadeziderio.com\/2026\/08\/06\/nevoa-mental-em-mulheres-40\/\"},\"wordCount\":1845,\"commentCount\":2,\"publisher\":{\"@id\":\"https:\/\/talitadeziderio.com\/#organization\"},\"image\":{\"@id\":\"https:\/\/talitadeziderio.com\/2026\/08\/06\/nevoa-mental-em-mulheres-40\/#primaryimage\"},\"thumbnailUrl\":\"https:\/\/talitadeziderio.com\/wp-content\/uploads\/2026\/08\/memoria-2.png\",\"keywords\":[\"brain fog\",\"n\u00e9voa mental\"],\"articleSection\":[\"Sa\u00fade da Mulher\"],\"inLanguage\":\"en-US\",\"potentialAction\":[{\"@type\":\"CommentAction\",\"name\":\"Comment\",\"target\":[\"https:\/\/talitadeziderio.com\/2026\/08\/06\/nevoa-mental-em-mulheres-40\/#respond\"]}]},{\"@type\":\"WebPage\",\"@id\":\"https:\/\/talitadeziderio.com\/2026\/08\/06\/nevoa-mental-em-mulheres-40\/\",\"url\":\"https:\/\/talitadeziderio.com\/2026\/08\/06\/nevoa-mental-em-mulheres-40\/\",\"name\":\"N\u00e9voa Mental em Mulheres 40+ - Talita Dezid\u00e9rio\",\"isPartOf\":{\"@id\":\"https:\/\/talitadeziderio.com\/#website\"},\"primaryImageOfPage\":{\"@id\":\"https:\/\/talitadeziderio.com\/2026\/08\/06\/nevoa-mental-em-mulheres-40\/#primaryimage\"},\"image\":{\"@id\":\"https:\/\/talitadeziderio.com\/2026\/08\/06\/nevoa-mental-em-mulheres-40\/#primaryimage\"},\"thumbnailUrl\":\"https:\/\/talitadeziderio.com\/wp-content\/uploads\/2026\/08\/memoria-2.png\",\"datePublished\":\"2026-08-06T13:48:17+00:00\",\"dateModified\":\"2026-08-06T13:48:18+00:00\",\"description\":\"Descubra por que a n\u00e9voa mental \u00e9 comum em mulheres ap\u00f3s os 40 anos, seus sintomas, causas e as melhores estrat\u00e9gias para recuperar a mem\u00f3ria e a concentra\u00e7\u00e3o.\",\"breadcrumb\":{\"@id\":\"https:\/\/talitadeziderio.com\/2026\/08\/06\/nevoa-mental-em-mulheres-40\/#breadcrumb\"},\"inLanguage\":\"en-US\",\"potentialAction\":[{\"@type\":\"ReadAction\",\"target\":[\"https:\/\/talitadeziderio.com\/2026\/08\/06\/nevoa-mental-em-mulheres-40\/\"]}]},{\"@type\":\"ImageObject\",\"inLanguage\":\"en-US\",\"@id\":\"https:\/\/talitadeziderio.com\/2026\/08\/06\/nevoa-mental-em-mulheres-40\/#primaryimage\",\"url\":\"https:\/\/talitadeziderio.com\/wp-content\/uploads\/2026\/08\/memoria-2.png\",\"contentUrl\":\"https:\/\/talitadeziderio.com\/wp-content\/uploads\/2026\/08\/memoria-2.png\",\"width\":1080,\"height\":1350},{\"@type\":\"BreadcrumbList\",\"@id\":\"https:\/\/talitadeziderio.com\/2026\/08\/06\/nevoa-mental-em-mulheres-40\/#breadcrumb\",\"itemListElement\":[{\"@type\":\"ListItem\",\"position\":1,\"name\":\"In\u00edcio\",\"item\":\"https:\/\/talitadeziderio.com\/\"},{\"@type\":\"ListItem\",\"position\":2,\"name\":\"N\u00e9voa Mental em Mulheres 40+\"}]},{\"@type\":\"WebSite\",\"@id\":\"https:\/\/talitadeziderio.com\/#website\",\"url\":\"https:\/\/talitadeziderio.com\/\",\"name\":\"Talita Dezid\u00e9rio\",\"description\":\"Mulher depois dos 40 anos\",\"publisher\":{\"@id\":\"https:\/\/talitadeziderio.com\/#organization\"},\"potentialAction\":[{\"@type\":\"SearchAction\",\"target\":{\"@type\":\"EntryPoint\",\"urlTemplate\":\"https:\/\/talitadeziderio.com\/?s={search_term_string}\"},\"query-input\":{\"@type\":\"PropertyValueSpecification\",\"valueRequired\":true,\"valueName\":\"search_term_string\"}}],\"inLanguage\":\"en-US\"},{\"@type\":\"Organization\",\"@id\":\"https:\/\/talitadeziderio.com\/#organization\",\"name\":\"Talita Dezid\u00e9rio\",\"url\":\"https:\/\/talitadeziderio.com\/\",\"logo\":{\"@type\":\"ImageObject\",\"inLanguage\":\"en-US\",\"@id\":\"https:\/\/talitadeziderio.com\/#\/schema\/logo\/image\/\",\"url\":\"https:\/\/talitadeziderio.com\/wp-content\/uploads\/2026\/08\/cropped-FAVICON-3.png\",\"contentUrl\":\"https:\/\/talitadeziderio.com\/wp-content\/uploads\/2026\/08\/cropped-FAVICON-3.png\",\"width\":317,\"height\":296,\"caption\":\"Talita Dezid\u00e9rio\"},\"image\":{\"@id\":\"https:\/\/talitadeziderio.com\/#\/schema\/logo\/image\/\"}},{\"@type\":\"Person\",\"@id\":\"https:\/\/talitadeziderio.com\/#\/schema\/person\/65c2f72e019d1c0db96d031271b72cdb\",\"name\":\"talitadeziderio\",\"image\":{\"@type\":\"ImageObject\",\"inLanguage\":\"en-US\",\"@id\":\"https:\/\/secure.gravatar.com\/avatar\/af1bffb9ec469f4942561f6018ccf749d45f945109e52c6cd1eb97f7419b50c7?s=96&d=mm&r=g\",\"url\":\"https:\/\/secure.gravatar.com\/avatar\/af1bffb9ec469f4942561f6018ccf749d45f945109e52c6cd1eb97f7419b50c7?s=96&d=mm&r=g\",\"contentUrl\":\"https:\/\/secure.gravatar.com\/avatar\/af1bffb9ec469f4942561f6018ccf749d45f945109e52c6cd1eb97f7419b50c7?s=96&d=mm&r=g\",\"caption\":\"talitadeziderio\"},\"sameAs\":[\"https:\/\/talitadeziderio.com\"],\"url\":\"https:\/\/talitadeziderio.com\/en\/author\/talitadeziderio\/\"}]}<\/script>\n<!-- \/ Yoast SEO plugin. -->","yoast_head_json":{"title":"N\u00e9voa Mental em Mulheres 40+ - Talita Dezid\u00e9rio","description":"Descubra por que a n\u00e9voa mental \u00e9 comum em mulheres ap\u00f3s os 40 anos, seus sintomas, causas e as melhores estrat\u00e9gias para recuperar a mem\u00f3ria e a concentra\u00e7\u00e3o.","robots":{"index":"index","follow":"follow","max-snippet":"max-snippet:-1","max-image-preview":"max-image-preview:large","max-video-preview":"max-video-preview:-1"},"canonical":"https:\/\/talitadeziderio.com\/en\/2026\/08\/06\/nevoa-mental-em-mulheres-40\/","og_locale":"en_US","og_type":"article","og_title":"N\u00e9voa Mental em Mulheres 40+ - Talita Dezid\u00e9rio","og_description":"Descubra por que a n\u00e9voa mental \u00e9 comum em mulheres ap\u00f3s os 40 anos, seus sintomas, causas e as melhores estrat\u00e9gias para recuperar a mem\u00f3ria e a concentra\u00e7\u00e3o.","og_url":"https:\/\/talitadeziderio.com\/en\/2026\/08\/06\/nevoa-mental-em-mulheres-40\/","og_site_name":"Talita Dezid\u00e9rio","article_published_time":"2026-08-06T13:48:17+00:00","article_modified_time":"2026-08-06T13:48:18+00:00","og_image":[{"width":1080,"height":1350,"url":"https:\/\/talitadeziderio.com\/wp-content\/uploads\/2026\/08\/memoria-2.png","type":"image\/png"}],"author":"talitadeziderio","twitter_card":"summary_large_image","twitter_misc":{"Written by":"talitadeziderio","Est. reading time":"10 minutes"},"schema":{"@context":"https:\/\/schema.org","@graph":[{"@type":"Article","@id":"https:\/\/talitadeziderio.com\/2026\/08\/06\/nevoa-mental-em-mulheres-40\/#article","isPartOf":{"@id":"https:\/\/talitadeziderio.com\/2026\/08\/06\/nevoa-mental-em-mulheres-40\/"},"author":{"name":"talitadeziderio","@id":"https:\/\/talitadeziderio.com\/#\/schema\/person\/65c2f72e019d1c0db96d031271b72cdb"},"headline":"N\u00e9voa Mental em Mulheres 40+","datePublished":"2026-08-06T13:48:17+00:00","dateModified":"2026-08-06T13:48:18+00:00","mainEntityOfPage":{"@id":"https:\/\/talitadeziderio.com\/2026\/08\/06\/nevoa-mental-em-mulheres-40\/"},"wordCount":1845,"commentCount":2,"publisher":{"@id":"https:\/\/talitadeziderio.com\/#organization"},"image":{"@id":"https:\/\/talitadeziderio.com\/2026\/08\/06\/nevoa-mental-em-mulheres-40\/#primaryimage"},"thumbnailUrl":"https:\/\/talitadeziderio.com\/wp-content\/uploads\/2026\/08\/memoria-2.png","keywords":["brain fog","n\u00e9voa mental"],"articleSection":["Sa\u00fade da Mulher"],"inLanguage":"en-US","potentialAction":[{"@type":"CommentAction","name":"Comment","target":["https:\/\/talitadeziderio.com\/2026\/08\/06\/nevoa-mental-em-mulheres-40\/#respond"]}]},{"@type":"WebPage","@id":"https:\/\/talitadeziderio.com\/2026\/08\/06\/nevoa-mental-em-mulheres-40\/","url":"https:\/\/talitadeziderio.com\/2026\/08\/06\/nevoa-mental-em-mulheres-40\/","name":"N\u00e9voa Mental em Mulheres 40+ - Talita Dezid\u00e9rio","isPartOf":{"@id":"https:\/\/talitadeziderio.com\/#website"},"primaryImageOfPage":{"@id":"https:\/\/talitadeziderio.com\/2026\/08\/06\/nevoa-mental-em-mulheres-40\/#primaryimage"},"image":{"@id":"https:\/\/talitadeziderio.com\/2026\/08\/06\/nevoa-mental-em-mulheres-40\/#primaryimage"},"thumbnailUrl":"https:\/\/talitadeziderio.com\/wp-content\/uploads\/2026\/08\/memoria-2.png","datePublished":"2026-08-06T13:48:17+00:00","dateModified":"2026-08-06T13:48:18+00:00","description":"Descubra por que a n\u00e9voa mental \u00e9 comum em mulheres ap\u00f3s os 40 anos, seus sintomas, causas e as melhores estrat\u00e9gias para recuperar a mem\u00f3ria e a concentra\u00e7\u00e3o.","breadcrumb":{"@id":"https:\/\/talitadeziderio.com\/2026\/08\/06\/nevoa-mental-em-mulheres-40\/#breadcrumb"},"inLanguage":"en-US","potentialAction":[{"@type":"ReadAction","target":["https:\/\/talitadeziderio.com\/2026\/08\/06\/nevoa-mental-em-mulheres-40\/"]}]},{"@type":"ImageObject","inLanguage":"en-US","@id":"https:\/\/talitadeziderio.com\/2026\/08\/06\/nevoa-mental-em-mulheres-40\/#primaryimage","url":"https:\/\/talitadeziderio.com\/wp-content\/uploads\/2026\/08\/memoria-2.png","contentUrl":"https:\/\/talitadeziderio.com\/wp-content\/uploads\/2026\/08\/memoria-2.png","width":1080,"height":1350},{"@type":"BreadcrumbList","@id":"https:\/\/talitadeziderio.com\/2026\/08\/06\/nevoa-mental-em-mulheres-40\/#breadcrumb","itemListElement":[{"@type":"ListItem","position":1,"name":"In\u00edcio","item":"https:\/\/talitadeziderio.com\/"},{"@type":"ListItem","position":2,"name":"N\u00e9voa Mental em Mulheres 40+"}]},{"@type":"WebSite","@id":"https:\/\/talitadeziderio.com\/#website","url":"https:\/\/talitadeziderio.com\/","name":"Talita Dezid\u00e9rio","description":"Mulher depois dos 40 anos","publisher":{"@id":"https:\/\/talitadeziderio.com\/#organization"},"potentialAction":[{"@type":"SearchAction","target":{"@type":"EntryPoint","urlTemplate":"https:\/\/talitadeziderio.com\/?s={search_term_string}"},"query-input":{"@type":"PropertyValueSpecification","valueRequired":true,"valueName":"search_term_string"}}],"inLanguage":"en-US"},{"@type":"Organization","@id":"https:\/\/talitadeziderio.com\/#organization","name":"Talita Dezid\u00e9rio","url":"https:\/\/talitadeziderio.com\/","logo":{"@type":"ImageObject","inLanguage":"en-US","@id":"https:\/\/talitadeziderio.com\/#\/schema\/logo\/image\/","url":"https:\/\/talitadeziderio.com\/wp-content\/uploads\/2026\/08\/cropped-FAVICON-3.png","contentUrl":"https:\/\/talitadeziderio.com\/wp-content\/uploads\/2026\/08\/cropped-FAVICON-3.png","width":317,"height":296,"caption":"Talita Dezid\u00e9rio"},"image":{"@id":"https:\/\/talitadeziderio.com\/#\/schema\/logo\/image\/"}},{"@type":"Person","@id":"https:\/\/talitadeziderio.com\/#\/schema\/person\/65c2f72e019d1c0db96d031271b72cdb","name":"talitadeziderio","image":{"@type":"ImageObject","inLanguage":"en-US","@id":"https:\/\/secure.gravatar.com\/avatar\/af1bffb9ec469f4942561f6018ccf749d45f945109e52c6cd1eb97f7419b50c7?s=96&d=mm&r=g","url":"https:\/\/secure.gravatar.com\/avatar\/af1bffb9ec469f4942561f6018ccf749d45f945109e52c6cd1eb97f7419b50c7?s=96&d=mm&r=g","contentUrl":"https:\/\/secure.gravatar.com\/avatar\/af1bffb9ec469f4942561f6018ccf749d45f945109e52c6cd1eb97f7419b50c7?s=96&d=mm&r=g","caption":"talitadeziderio"},"sameAs":["https:\/\/talitadeziderio.com"],"url":"https:\/\/talitadeziderio.com\/en\/author\/talitadeziderio\/"}]}},"_links":{"self":[{"href":"https:\/\/talitadeziderio.com\/en\/wp-json\/wp\/v2\/posts\/306","targetHints":{"allow":["GET"]}}],"collection":[{"href":"https:\/\/talitadeziderio.com\/en\/wp-json\/wp\/v2\/posts"}],"about":[{"href":"https:\/\/talitadeziderio.com\/en\/wp-json\/wp\/v2\/types\/post"}],"author":[{"embeddable":true,"href":"https:\/\/talitadeziderio.com\/en\/wp-json\/wp\/v2\/users\/1"}],"replies":[{"embeddable":true,"href":"https:\/\/talitadeziderio.com\/en\/wp-json\/wp\/v2\/comments?post=306"}],"version-history":[{"count":1,"href":"https:\/\/talitadeziderio.com\/en\/wp-json\/wp\/v2\/posts\/306\/revisions"}],"predecessor-version":[{"id":309,"href":"https:\/\/talitadeziderio.com\/en\/wp-json\/wp\/v2\/posts\/306\/revisions\/309"}],"wp:featuredmedia":[{"embeddable":true,"href":"https:\/\/talitadeziderio.com\/en\/wp-json\/wp\/v2\/media\/307"}],"wp:attachment":[{"href":"https:\/\/talitadeziderio.com\/en\/wp-json\/wp\/v2\/media?parent=306"}],"wp:term":[{"taxonomy":"category","embeddable":true,"href":"https:\/\/talitadeziderio.com\/en\/wp-json\/wp\/v2\/categories?post=306"},{"taxonomy":"post_tag","embeddable":true,"href":"https:\/\/talitadeziderio.com\/en\/wp-json\/wp\/v2\/tags?post=306"}],"curies":[{"name":"wp","href":"https:\/\/api.w.org\/{rel}","templated":true}]}}